{"id":9273,"date":"2022-04-08T18:58:00","date_gmt":"2022-04-08T16:58:00","guid":{"rendered":"https:\/\/www.nevadomarbella.com\/?p=9273"},"modified":"2025-05-13T17:22:51","modified_gmt":"2025-05-13T15:22:51","slug":"batiment-jardin-del-mediterraneo-dans-la-meilleure-zone-de-marbella","status":"publish","type":"post","link":"https:\/\/www.nevadomarbella.com\/fr\/9273-batiment-jardin-del-mediterraneo-dans-la-meilleure-zone-de-marbella.html","title":{"rendered":"B\u00e2timent Jardin del Mediterraneo, le meilleur quartier de Marbella"},"content":{"rendered":"\n<p><span style=\"font-weight: 400;\">B\u00e2timent Jardin del Mediterraneo, une occasion parfaite pour profiter de tout ce que Marbella a \u00e0 offrir \u00e0 ses r\u00e9sidents. C&rsquo;est l&rsquo;un des meilleurs immeubles pour profiter des 300 jours de soleil de Marbella ou de ses 27 kilom\u00e8tres de plage. De l\u00e0, nous pouvons acc\u00e9der \u00e0 la promenade en une minute seulement.<\/span><\/p>\n\n\n\n<h2 class=\"wp-block-heading\"><span style=\"font-weight: 400;\">O\u00f9 se trouve le b\u00e2timent Jardin del Mediterraneo?<\/span><\/h2>\n\n\n\n<p><span style=\"font-weight: 400;\">Le b\u00e2timent Jard\u00edn del Mediterr\u00e1neo est situ\u00e9 en face de la promenade et \u00e0 c\u00f4t\u00e9 du Gran Meli\u00e1 Don Pepe. \u00c0 seulement 150 m\u00e8tres de la promenade, on peut rejoindre la promenade et la plage en moins d&rsquo;une minute.&nbsp;<\/span><\/p>\n\n\n\n<h2 class=\"wp-block-heading\"><span style=\"font-weight: 400;\">L&rsquo;immeuble Jardin del Mediterraneo est-il situ\u00e9 en bord de mer?<\/span><\/h2>\n\n\n\n<p><span style=\"font-weight: 400;\">Bien que l&rsquo;Edificio Jard\u00edn del Mediterr\u00e1neo ne soit pas litt\u00e9ralement en bord de mer, il se trouve \u00e0 seulement 150 m\u00e8tres. De plus, comme il n&rsquo;y a pas de b\u00e2timent devant lui, il b\u00e9n\u00e9ficie des m\u00eames vues qu&rsquo;un b\u00e2timent de premi\u00e8re ligne.<\/span><\/p>\n\n\n\n<h2 class=\"wp-block-heading\"><span style=\"font-weight: 400;\">Combien de temps faut-il pour aller du b\u00e2timent Jardin del Mediterraneo \u00e0 la plage?<\/span><\/h2>\n\n\n\n<p><span style=\"font-weight: 400;\">Les personnes qui occupent un appartement dans l&rsquo;immeuble Jard\u00edn del Mediterr\u00e1neo peuvent rejoindre la plage en moins d&rsquo;une minute. \u00c0 c\u00f4t\u00e9 du b\u00e2timent se trouve un petit sentier de 100 m\u00e8tres \u00e0 peine qui permet de rejoindre la plage.<\/span><\/p>\n\n\n\n<p><span style=\"font-weight: 400;\">Cette zone est privil\u00e9gi\u00e9e par les r\u00e9sidents et nous pouvons choisir entre les plages de <\/span><a href=\"https:\/\/saposyprincesas.elmundo.es\/actividades-ninos\/malaga\/aire-libre\/playas\/playa-de-casablanca\/\" target=\"_blank\" rel=\"noopener\"><span style=\"font-weight: 400;\">Casablanca<\/span><\/a><span style=\"font-weight: 400;\">, <\/span><a href=\"https:\/\/www.visitacostadelsol.com\/malaga-costa-del-sol\/playas\/playa-de-la-fontanilla-p21661\" target=\"_blank\" rel=\"noopener\"><span style=\"font-weight: 400;\">La Fontanilla<\/span><\/a><span style=\"font-weight: 400;\"> ou <\/span><a href=\"https:\/\/www.vacaciones-espana.es\/Casco-antiguo-de-Marbella\/articulos\/playa-nagueles-marbella\" target=\"_blank\" rel=\"noopener\"><span style=\"font-weight: 400;\">Nag\u00fceles<\/span><\/a><span style=\"font-weight: 400;\">.<\/span><\/p>\n\n\n\n<figure class=\"wp-block-image aligncenter size-thumbnail wp-image-9850 size-medium wp-duotone-duotone-2\"><img decoding=\"async\" width=\"510\" height=\"340\" src=\"https:\/\/www.nevadomarbella.com\/wp-content\/uploads\/2022\/04\/a1cfd070-0f31-43e0-8680-fd1653d2c0cd-510x340.jpg\" alt=\"Appartement dans le Jardin del Mediterraneo \u00e0 c\u00f4t\u00e9 de la promenade \u00e0 Marbella.\" class=\"wp-image-9850\" srcset=\"https:\/\/www.nevadomarbella.com\/wp-content\/uploads\/2022\/04\/a1cfd070-0f31-43e0-8680-fd1653d2c0cd-1536x1024.jpg 1536w, https:\/\/www.nevadomarbella.com\/wp-content\/uploads\/2022\/04\/a1cfd070-0f31-43e0-8680-fd1653d2c0cd.jpg 1920w\" sizes=\"(max-width: 510px) 100vw, 510px\" \/><figcaption class=\"wp-element-caption\">Appartement dans le Jardin del Mediterraneo \u00e0 c\u00f4t\u00e9 de la promenade \u00e0 Marbella.<\/figcaption><\/figure>\n\n\n\n<h2 class=\"wp-block-heading\"><span style=\"font-weight: 400;\">Quel est le prix d&rsquo;un appartement dans l&rsquo;immeuble Jardin del Mediterraneo?<\/span><\/h2>\n\n\n\n<p><span style=\"font-weight: 400;\">Un appartement dans le b\u00e2timent Jardin del Mediterraneo peut \u00eatre achet\u00e9 \u00e0 partir d&rsquo;environ 500.000\u20ac. Comme toujours, les prix varient en fonction de la taille, de l&rsquo;orientation, du nombre de chambres&#8230; Les meilleurs appartements co\u00fbtent environ 1.500.000\u20ac.<\/span><\/p>\n\n\n\n<h2 class=\"wp-block-heading\"><span style=\"font-weight: 400;\">Quelle est la taille des appartements de l&rsquo;immeuble Jardin del Mediterraneo?<\/span><\/h2>\n\n\n\n<p><span style=\"font-weight: 400;\">Il y a des variations en fonction de notre budget. Les plus grands appartements font jusqu&rsquo;\u00e0 200 m\u00e8tres carr\u00e9s, tandis que les plus petits font environ 100 m\u00e8tres carr\u00e9s.<\/span><\/p>\n\n\n\n<h2 class=\"wp-block-heading\"><span style=\"font-weight: 400;\">Combien co\u00fbtent les charges communautaires au Jardin del Mediterraneo?<\/span><\/h2>\n\n\n\n<p><span style=\"font-weight: 400;\">Les frais communautaires de l&rsquo;immeuble Jard\u00edn del Mediterr\u00e1neo sont d&rsquo;environ 400\u20ac. La piscine, ainsi que le service de conciergerie 24h\/24 justifient ce montant. De cette fa\u00e7on, nous aurons la certitude que dans notre b\u00e2timent, il y aura toujours quelqu&rsquo;un pour surveiller tout ce qui se passe.<\/span><\/p>\n\n\n\n<p><span style=\"font-weight: 400;\">De plus, le service de conciergerie nous aidera pour tout ce dont nous avons besoin. Recevoir un colis, ouvrir la porte \u00e0 certains services (plomberie, \u00e9lectricit\u00e9, r\u00e9novations) ou v\u00e9rifier l&rsquo;\u00e9tat de la propri\u00e9t\u00e9 sera beaucoup plus facile.<\/span><\/p>\n\n\n\n<h2 class=\"wp-block-heading\"><span style=\"font-weight: 400;\">En quelle ann\u00e9e a \u00e9t\u00e9 construit le b\u00e2timent du Jardin del Mediterraneo?<\/span><\/h2>\n\n\n\n<p><span style=\"font-weight: 400;\">Le b\u00e2timent est l&rsquo;une des constructions les plus r\u00e9centes de la r\u00e9gion et date de 2003. Nous remarquerons des diff\u00e9rences notables en termes de conception et de mat\u00e9riaux par rapport aux b\u00e2timents voisins.<\/span><\/p>\n\n\n\n<h2 class=\"wp-block-heading\"><span style=\"font-weight: 400;\">\u00c0 quelle distance se trouve le b\u00e2timent Jardin del Mediterraneo du centre de Marbella et de la Golden Mile?<\/span><\/h2>\n\n\n\n<p><span style=\"font-weight: 400;\">L&rsquo;immeuble Jardin del Mediterraneo est situ\u00e9 juste \u00e0 la fronti\u00e8re entre le centre de Marbella et la c\u00e9l\u00e8bre Golden Mile de Marbella. Il s&rsquo;agit d&rsquo;un emplacement exceptionnel qui nous permettra de nous rendre \u00e0 pied \u00e0 la fois au centre ville. Et aussi aux restaurants et h\u00f4tels les plus exclusifs du Golden Mile.<\/span><\/p>\n\n\n\n<figure class=\"wp-block-image alignright size-thumbnail wp-image-9260 size-medium wp-duotone-duotone-2\"><img decoding=\"async\" width=\"510\" height=\"287\" src=\"https:\/\/www.nevadomarbella.com\/wp-content\/uploads\/2022\/04\/apartmento-jardin-del-mediteraneo-marbella-centro-milla-de-oro-golden-mile-nevado-realty-510x287.jpg\" alt=\"Appartement \u00e0 louer \u00e0 Jard\u00edn del Mediterr\u00e1neo\" class=\"wp-image-9260\" style=\"object-fit:cover\" srcset=\"https:\/\/www.nevadomarbella.com\/wp-content\/uploads\/2022\/04\/apartmento-jardin-del-mediteraneo-marbella-centro-milla-de-oro-golden-mile-nevado-realty-1536x865.jpg 1536w, https:\/\/www.nevadomarbella.com\/wp-content\/uploads\/2022\/04\/apartmento-jardin-del-mediteraneo-marbella-centro-milla-de-oro-golden-mile-nevado-realty.jpg 1920w\" sizes=\"(max-width: 510px) 100vw, 510px\" \/><figcaption class=\"wp-element-caption\">Appartement \u00e0 louer \u00e0 Jard\u00edn del Mediterr\u00e1neo<\/figcaption><\/figure>\n\n\n\n<h2 class=\"wp-block-heading\"><span style=\"font-weight: 400;\">Est-il possible de faire du sport \u00e0 proximit\u00e9 du b\u00e2timent Jard\u00edn del Mediterr\u00e1neo?<\/span><\/h2>\n\n\n\n<p><span style=\"font-weight: 400;\">Depuis le b\u00e2timent Jard\u00edn del Mediterr\u00e1neo, il est tr\u00e8s facile de faire du sport. En fait, nous pouvons choisir entre faire du sport en plein air ou dans un gymnase.<\/span><\/p>\n\n\n\n<p><span style=\"font-weight: 400;\">Possibilit\u00e9 de pratiquer une activit\u00e9 physique en plein air, soit sur la promenade, soit dans le centre sportif Paco Cantos :<\/span><\/p>\n\n\n\n<ul class=\"wp-block-list\">\n<li><span style=\"font-weight: 400;\">Walking<\/span><\/li>\n\n\n\n<li><span style=\"font-weight: 400;\">Running<\/span><\/li>\n\n\n\n<li><span style=\"font-weight: 400;\">Cyclisme<\/span><\/li>\n\n\n\n<li><span style=\"font-weight: 400;\">Baignade dans la mer<\/span><\/li>\n\n\n\n<li><span style=\"font-weight: 400;\">Exercice sur la promenade.<\/span><\/li>\n<\/ul>\n\n\n\n<p><span style=\"font-weight: 400;\">Si vous pr\u00e9f\u00e9rez, vous pouvez vous rendre dans un centre sportif. On peut y nager dans une piscine chauff\u00e9e, faire de la musculation ou pratiquer des activit\u00e9s telles que le spinning, le yoga ou le pilates. Dans ce cas, le <\/span><span style=\"font-weight: 400;\">centre de bien-\u00eatre Plaza del Mar<\/span><span style=\"font-weight: 400;\"> est notre meilleure option.<\/span><\/p>\n\n\n\n<h2 class=\"wp-block-heading\"><span style=\"font-weight: 400;\">Quels sont les meilleurs restaurants et caf\u00e9s pr\u00e8s du b\u00e2timent Jard\u00edn del Mediterr\u00e1neo?<\/span><\/h2>\n\n\n\n<p><span style=\"font-weight: 400;\">Si nous avons un appartement dans l&rsquo;immeuble Jard\u00edn del Mediterr\u00e1neo, nous pourrons profiter des meilleurs \u00e9tablissements de Marbella. A quelques pas de l\u00e0, vous trouverez :<\/span><\/p>\n\n\n\n<ul class=\"wp-block-list\">\n<li><a href=\"https:\/\/grupodanigarcia.com\/en\/lobito-de-mar-restaurants-2\/lobito-de-mar-marbella-restaurant\/\" target=\"_blank\" rel=\"noopener\"><span style=\"font-weight: 400;\">Lobito de Mar<\/span><\/a><span style=\"font-weight: 400;\">.<\/span><\/li>\n\n\n\n<li><a href=\"https:\/\/www.marbellaclub.com\/eat-and-drink\/the-grill\" target=\"_blank\" rel=\"noopener\"><span style=\"font-weight: 400;\">Grill de Marbella Club<\/span><\/a><span style=\"font-weight: 400;\">.<\/span><\/li>\n\n\n\n<li><a href=\"https:\/\/grupodanigarcia.com\/en\/lena-restaurants\/lena-marbella\/https:\/\/grupodanigarcia.com\/en\/lena-restaurants\/lena-marbella\/\" target=\"_blank\" rel=\"noopener\"><span style=\"font-weight: 400;\">Le\u00f1a<\/span><\/a><span style=\"font-weight: 400;\">.<\/span><\/li>\n\n\n\n<li><a href=\"https:\/\/www.puenteromano.com\/dining-and-drinks\/sea-grill\/\" target=\"_blank\" rel=\"noopener\"><span style=\"font-weight: 400;\">Sea Grill<\/span><\/a><span style=\"font-weight: 400;\">.<\/span><\/li>\n\n\n\n<li><a href=\"https:\/\/www.puenteromano.com\/es\/restaurantes\/nobu\/\" target=\"_blank\" rel=\"noopener\"><span style=\"font-weight: 400;\">Nobu<\/span><\/a><span style=\"font-weight: 400;\">.<\/span><\/li>\n<\/ul>\n\n\n\n<p><span style=\"font-weight: 400;\">Si nous pr\u00e9f\u00e9rons profiter du soleil et de la plage, nous pouvons choisir d&rsquo;autres \u00e9tablissements tels que :<\/span><\/p>\n\n\n\n<ul class=\"wp-block-list\">\n<li><a href=\"https:\/\/www.cappuccinograndcafe.es\/en\/\" target=\"_blank\" rel=\"noopener\"><span style=\"font-weight: 400;\">Cappuccino Grand Caf\u00e9<\/span><\/a><span style=\"font-weight: 400;\">.<\/span><\/li>\n\n\n\n<li><span style=\"font-weight: 400;\">Trocadero Playa<\/span><span style=\"font-weight: 400;\">.<\/span><\/li>\n\n\n\n<li><a href=\"https:\/\/www.marbellaclub.com\/eat-and-drink\/beach-club\" target=\"_blank\" rel=\"noopener\"><span style=\"font-weight: 400;\">Marbella Club Beach Club<\/span><\/a><span style=\"font-weight: 400;\">.<\/span><\/li>\n\n\n\n<li><span style=\"font-weight: 400;\">Tamanaco<\/span><span style=\"font-weight: 400;\">.<\/span><\/li>\n<\/ul>\n\n\n\n<h2 class=\"wp-block-heading\"><span style=\"font-weight: 400;\">Est-il facile de faire des achats si j&rsquo;habite dans l&rsquo;immeuble Jard\u00edn del Mediterr\u00e1neo?<\/span><\/h2>\n\n\n\n<p><span style=\"font-weight: 400;\">Si vous habitez dans l&rsquo;immeuble Jardin del Mediterraneo, il est tr\u00e8s facile de faire vos courses. Que nous voulions acheter des v\u00eatements pour une f\u00eate, un cadeau ou que nous voulions remplir le garde-manger de nourriture.<\/span><\/p>\n\n\n\n<p><span style=\"font-weight: 400;\">Pour se d\u00e9guiser, on peut fl\u00e2ner dans les boutiques du centre-ville ou se rendre dans un centre commercial. En voiture, il faut environ 10 minutes pour rejoindre le centre commercial La Ca\u00f1ada ou le Centro Comercial Costa Marbella.<\/span><\/p>\n\n\n\n<p><span style=\"font-weight: 400;\">Si nous voulons pr\u00e9parer un succulent d\u00eener pour nos amis, nous pouvons choisir entre un Mercadona ou un Supercor. Les deux sont \u00e0 seulement 300 m\u00e8tres.<\/span><\/p>\n\n\n\n<h2 class=\"wp-block-heading\"><span style=\"font-weight: 400;\">Y a-t-il de bonnes \u00e9coles pr\u00e8s de Jard\u00edn del Mediterr\u00e1neo?<\/span><\/h2>\n\n\n\n<p><span style=\"font-weight: 400;\">\u00c0 proximit\u00e9 de l&rsquo;immeuble Jard\u00edn del Mediterr\u00e1neo se trouvent deux \u00e9coles primaires internationales, <\/span><a href=\"https:\/\/www.swansschoolinternational.es\/\" target=\"_blank\" rel=\"noopener\"><span style=\"font-weight: 400;\">l&rsquo;\u00e9cole internationale Swans<\/span><\/a><span style=\"font-weight: 400;\"> et<\/span><a href=\"https:\/\/efimarbella.com\/\" target=\"_blank\" rel=\"noopener\"><span style=\"font-weight: 400;\"> l&rsquo;\u00e9cole internationale fran\u00e7aise de Marbella<\/span><\/a><span style=\"font-weight: 400;\">.<\/span><\/p>\n\n\n\n<p><span style=\"font-weight: 400;\">A moins de 1.000 m\u00e8tres, nous trouverons \u00e9galement des options pour l&rsquo;enseignement secondaire. Il s&rsquo;agit de la British International School of Marbella et du Marbella International University Centre.<\/span><\/p>\n\n\n\n<h2 class=\"wp-block-heading\"><span style=\"font-weight: 400;\">Quels sont les b\u00e2timents situ\u00e9s \u00e0 proximit\u00e9 du b\u00e2timent Jardin del Mediterraneo?<\/span><\/h2>\n\n\n\n<p><span style=\"font-weight: 400;\">Les b\u00e2timents qui se trouvent \u00e0 proximit\u00e9 du b\u00e2timent Jard\u00edn del Mediterr\u00e1neo sont les suivants :<\/span><\/p>\n\n\n\n<ul class=\"wp-block-list\">\n<li><span style=\"font-weight: 400;\">Jardines del Mar.<\/span><\/li>\n\n\n\n<li><a href=\"https:\/\/www.nevadomarbella.com\/fr\/14517-appartements-a-don-gonzalo-building-luxury-apartments-in-marbella-centre.html\" target=\"_blank\" data-type=\"link\" data-id=\"https:\/\/www.nevadomarbella.com\/fr\/14517-appartements-a-don-gonzalo-building-luxury-apartments-in-marbella-centre.html\" rel=\"noreferrer noopener\"><span style=\"font-weight: 400;\">Don Gonzalo<\/span><\/a><span style=\"font-weight: 400;\">.<\/span><\/li>\n\n\n\n<li><a href=\"https:\/\/www.nevadomarbella.com\/fr\/7971-batiment-gran-marbella-premiere-ligne-de-plage-a-marbella.html\" target=\"_blank\" rel=\"noopener\"><span style=\"font-weight: 400;\">Gran Marbella<\/span><\/a><span style=\"font-weight: 400;\">.<\/span><\/li>\n\n\n\n<li><a href=\"https:\/\/www.nevadomarbella.com\/fr\/8177-batiment-mare-nostrum-plage-de-premiere-ligne-dans-le-centre-de-marbella.html\" target=\"_blank\" rel=\"noopener\"><span style=\"font-weight: 400;\">Mare Nostrum<\/span><\/a><span style=\"font-weight: 400;\">.<\/span><\/li>\n\n\n\n<li><span style=\"font-weight: 400;\">Cipreses del Mar.<\/span><\/li>\n\n\n\n<li><span style=\"font-weight: 400;\">Maison Marbella.<\/span><\/li>\n\n\n\n<li><a href=\"https:\/\/www.nevadomarbella.com\/fr\/7666-palacio-de-congresos-vivre-entre-le-centre-de-marbella-et-le-golden-mile.html\" target=\"_blank\" rel=\"noopener\"><span style=\"font-weight: 400;\">Palacio de Congresos<\/span><\/a><span style=\"font-weight: 400;\">.<\/span><\/li>\n\n\n\n<li><a href=\"https:\/\/www.nevadomarbella.com\/fr\/7549-plat-a-lalhambra-del-mar-votre-meilleure-option.html\" target=\"_blank\" rel=\"noopener\"><span style=\"font-weight: 400;\">Alhambra del Mar<\/span><\/a><span style=\"font-weight: 400;\">.<\/span><\/li>\n\n\n\n<li><span style=\"font-weight: 400;\">Marina Mariola.<\/span><\/li>\n\n\n\n<li><span style=\"font-weight: 400;\">Itxaso.<\/span><\/li>\n\n\n\n<li><span style=\"font-weight: 400;\"><a href=\"https:\/\/www.nevadomarbella.com\/fr\/9149-villas-dans-lurbanisation-de-casablanca.html\" target=\"_blank\" rel=\"noopener\">Lotissement de Casablanca<\/a>.<\/span><\/li>\n<\/ul>\n\n\n\n<h2 class=\"wp-block-heading\"><span style=\"font-weight: 400;\">L&rsquo;immeuble Jard\u00edn del Mediterr\u00e1neo est-il situ\u00e9 dans un bon quartier r\u00e9sidentiel?<\/span><\/h2>\n\n\n\n<p><span style=\"font-weight: 400;\">Le b\u00e2timent Jard\u00edn del Mediterr\u00e1neo est situ\u00e9 dans une zone r\u00e9sidentielle imbattable. Il est situ\u00e9 \u00e0 la p\u00e9riph\u00e9rie du centre-ville et au d\u00e9but du Golden Mile. Gr\u00e2ce \u00e0 cela, elle jouit d&rsquo;une grande tranquillit\u00e9, loin de l&rsquo;agitation du centre ville. En m\u00eame temps, c&rsquo;est un quartier tr\u00e8s s\u00fbr, tr\u00e8s fr\u00e9quent\u00e9 par la police et tr\u00e8s bien reli\u00e9 \u00e0 tous les services.<\/span><\/p>\n\n\n\n<figure class=\"wp-block-image alignleft size-thumbnail size-medium wp-image-9264 wp-duotone-duotone-2\"><img decoding=\"async\" width=\"510\" height=\"287\" src=\"https:\/\/www.nevadomarbella.com\/wp-content\/uploads\/2022\/04\/apartmento-jardin-del-mediteraneo-marbella-centro-milla-de-oro-golden-mile-vendido-nevado-realty-510x287.jpg\" alt=\"Appartement avec jardin \u00e0 Jard\u00edn del Mediterr\u00e1neo\" class=\"wp-image-9264\" style=\"object-fit:cover\" srcset=\"https:\/\/www.nevadomarbella.com\/wp-content\/uploads\/2022\/04\/apartmento-jardin-del-mediteraneo-marbella-centro-milla-de-oro-golden-mile-vendido-nevado-realty-1536x864.jpg 1536w, https:\/\/www.nevadomarbella.com\/wp-content\/uploads\/2022\/04\/apartmento-jardin-del-mediteraneo-marbella-centro-milla-de-oro-golden-mile-vendido-nevado-realty.jpg 1920w\" sizes=\"(max-width: 510px) 100vw, 510px\" \/><figcaption class=\"wp-element-caption\">Appartement avec jardin \u00e0 Jard\u00edn del Mediterr\u00e1neo<\/figcaption><\/figure>\n\n\n\n<h2 class=\"wp-block-heading\"><span style=\"font-weight: 400;\">Comment acheter un appartement dans l&rsquo;immeuble Jardin del Mediterraneo?<\/span><\/h2>\n\n\n\n<p><span style=\"font-weight: 400;\">Acheter un appartement \u00e0 Jard\u00edn del Mediterr\u00e1neo n&rsquo;est pas une t\u00e2che facile. Il y a beaucoup de parties int\u00e9ress\u00e9es et l&rsquo;offre est assez limit\u00e9e.<\/span><\/p>\n\n\n\n<p><span style=\"font-weight: 400;\">Mais il y a toujours des opportunit\u00e9s, la difficult\u00e9 est de les d\u00e9couvrir. Et surtout de les d\u00e9couvrir avant les autres parties int\u00e9ress\u00e9es.&nbsp;<\/span><\/p>\n\n\n\n<p><span style=\"font-weight: 400;\">C&rsquo;est pourquoi nous vous recommandons de faire confiance \u00e0 une agence exp\u00e9riment\u00e9e dans la r\u00e9gion comme Nevado Realty. Depuis pr\u00e8s de 30 ans, nous r\u00e9alisons les r\u00eaves de centaines d&rsquo;acheteurs. Faites-nous part de vos pr\u00e9f\u00e9rences et nous vous informerons des nouvelles opportunit\u00e9s avant tout le monde.<\/span><\/p>\n\n\n\n<p>Si vous souhaitez louer un bien immobilier pour d\u00e9couvrir la r\u00e9gion, nous vous proposons un large \u00e9ventail d&rsquo;<a href=\"https:\/\/www.nevadomarbella.com\/fr\/propriete-a-louer-a-marbella\" target=\"_blank\" rel=\"noreferrer noopener\">appartements \u00e0 louer dans le centre de Marbella<\/a>.<\/p>\n\n\n\n<p><span style=\"font-weight: 400;\">Si pour acheter un appartement dans cet immeuble vous devez d&rsquo;abord vendre votre propri\u00e9t\u00e9, n&rsquo;h\u00e9sitez pas \u00e0 nous contacter. A Nevado Realty nous offrons une <\/span><a href=\"https:\/\/www.nevadomarbella.com\/vendre-propriete-marbella\/\" target=\"_blank\" rel=\"noopener\"><span style=\"font-weight: 400;\">\u00e9valuation gratuite<\/span><\/a><span style=\"font-weight: 400;\"> de votre propri\u00e9t\u00e9 afin que vous connaissiez la valeur de votre propri\u00e9t\u00e9. Notre exp\u00e9rience de pr\u00e8s de 30 ans en tant qu&rsquo;agence immobili\u00e8re sp\u00e9cialis\u00e9e dans le centre de Marbella et le Golden Mile est une garantie.<\/span><\/p>\n\n\n\n<p>&nbsp;<\/p>\n","protected":false},"excerpt":{"rendered":"<p>B\u00e2timent Jardin del Mediterraneo, une occasion parfaite pour profiter de tout ce que Marbella a \u00e0 offrir \u00e0 ses r\u00e9sidents. C&rsquo;est l&rsquo;un des meilleurs immeubles pour profiter des 300 jours de soleil de Marbella ou de ses 27 kilom\u00e8tres de plage. De l\u00e0, nous pouvons acc\u00e9der \u00e0 la promenade en une minute seulement. O\u00f9 se [&hellip;]<\/p>\n","protected":false},"author":3,"featured_media":9256,"comment_status":"closed","ping_status":"closed","sticky":false,"template":"","format":"standard","meta":{"_acf_changed":false,"footnotes":""},"categories":[465],"tags":[],"class_list":["post-9273","post","type-post","status-publish","format-standard","has-post-thumbnail","hentry","category-guidez-de-zona"],"acf":[],"_links":{"self":[{"href":"https:\/\/www.nevadomarbella.com\/fr\/wp-json\/wp\/v2\/posts\/9273","targetHints":{"allow":["GET"]}}],"collection":[{"href":"https:\/\/www.nevadomarbella.com\/fr\/wp-json\/wp\/v2\/posts"}],"about":[{"href":"https:\/\/www.nevadomarbella.com\/fr\/wp-json\/wp\/v2\/types\/post"}],"author":[{"embeddable":true,"href":"https:\/\/www.nevadomarbella.com\/fr\/wp-json\/wp\/v2\/users\/3"}],"replies":[{"embeddable":true,"href":"https:\/\/www.nevadomarbella.com\/fr\/wp-json\/wp\/v2\/comments?post=9273"}],"version-history":[{"count":1,"href":"https:\/\/www.nevadomarbella.com\/fr\/wp-json\/wp\/v2\/posts\/9273\/revisions"}],"predecessor-version":[{"id":20094,"href":"https:\/\/www.nevadomarbella.com\/fr\/wp-json\/wp\/v2\/posts\/9273\/revisions\/20094"}],"wp:featuredmedia":[{"embeddable":true,"href":"https:\/\/www.nevadomarbella.com\/fr\/wp-json\/wp\/v2\/media\/9256"}],"wp:attachment":[{"href":"https:\/\/www.nevadomarbella.com\/fr\/wp-json\/wp\/v2\/media?parent=9273"}],"wp:term":[{"taxonomy":"category","embeddable":true,"href":"https:\/\/www.nevadomarbella.com\/fr\/wp-json\/wp\/v2\/categories?post=9273"},{"taxonomy":"post_tag","embeddable":true,"href":"https:\/\/www.nevadomarbella.com\/fr\/wp-json\/wp\/v2\/tags?post=9273"}],"curies":[{"name":"wp","href":"https:\/\/api.w.org\/{rel}","templated":true}]}}