{"id":8963,"date":"2022-02-11T11:30:16","date_gmt":"2022-02-11T10:30:16","guid":{"rendered":"https:\/\/www.nevadomarbella.com\/?p=8963"},"modified":"2025-05-13T17:24:00","modified_gmt":"2025-05-13T15:24:00","slug":"les-meilleurs-appartement-a-marbella-centre-que-choisir","status":"publish","type":"post","link":"https:\/\/www.nevadomarbella.com\/fr\/8963-les-meilleurs-appartement-a-marbella-centre-que-choisir.html","title":{"rendered":"Les meilleurs appartements \u00e0 Marbella centre, que choisir?"},"content":{"rendered":"\n<p><span style=\"font-weight: 400;\">Les meilleurs <a href=\"http:\/\/nevadomarbella.com\/proprietes\/marbella-appartements+-+habitats\/\" target=\"_blank\" rel=\"noopener\">appartements \u00e0 Marbella centre<\/a>. <\/span><b>Qualit\u00e9 de vie, confort, niveau de services, s\u00e9curit\u00e9<\/b><span style=\"font-weight: 400;\">&#8230; sont autant de facteurs qui alimentent le d\u00e9sir des acheteurs. Et aussi des locataires.<\/span><\/p>\n\n\n\n<p><span style=\"font-weight: 400;\">Marbella centre est \u00e9galement une destination privil\u00e9gi\u00e9e pour ceux qui souhaitent s&rsquo;installer temporairement \u00e0 Marbella. Les retrait\u00e9s, les nomades num\u00e9riques et les \u00e9tudiants internationaux sont les locataires les plus courants.<\/span><\/p>\n\n\n\n<p><span style=\"font-weight: 400;\">D&rsquo;autre part, nous avons aussi les locataires \u00e0 court terme. La plupart d&rsquo;entre eux cherchent \u00e0 passer leurs vacances au bord de la plage, en famille ou en couple.<\/span><\/p>\n\n\n\n<h2 class=\"wp-block-heading\"><span style=\"font-weight: 400;\">Les meilleurs appartements \u00e0 Marbella centre<\/span><\/h2>\n\n\n\n<p><span style=\"font-weight: 400;\">La vente d&rsquo;appartements dans le centre de Marbella est l&rsquo;une des activit\u00e9s les plus populaires aupr\u00e8s des acheteurs et des investisseurs.<\/span><b> De La Bajadilla au Golden Mile, on trouve les 3 kilom\u00e8tres de la plage la plus recherch\u00e9e de Marbella<\/b><span style=\"font-weight: 400;\">.&nbsp;<\/span><\/p>\n\n\n\n<p><span style=\"font-weight: 400;\">Avec des prix <\/span><b>commen\u00e7ant \u00e0 300.000\u20ac, nous pouvons trouver des appartements \u00e0 c\u00f4t\u00e9 de la plage<\/b><span style=\"font-weight: 400;\">, avec vue sur la mer, avec terrasse. <\/span><b>Les appartements et penthouses les plus exclusifs peuvent aller jusqu&rsquo;\u00e0 4.000.000\u20ac<\/b><span style=\"font-weight: 400;\">.<\/span><\/p>\n\n\n\n<h2 class=\"wp-block-heading\">Quels sont les immeubles o\u00f9 l&rsquo;on peut trouver les meilleurs appartements dans le centre de Marbella?<\/h2>\n\n\n\n<p><span style=\"font-weight: 400;\">Le long des 3.000 m\u00e8tres de plage que nous trouvons dans le centre de Marbella, il y a une multitude de b\u00e2timents. Parmi eux, nous soulignons les suivants (d&rsquo;ouest en est) :<\/span><\/p>\n\n\n\n<h3 class=\"wp-block-heading\"><span style=\"font-weight: 400;\">B\u00e2timent Marina Mariola<\/span><\/h3>\n\n\n\n<p><span style=\"font-weight: 400;\">Juste \u00e0 c\u00f4t\u00e9 de l&rsquo;h\u00f4tel Don Pepe Gran Meli\u00e1, au c\u0153ur du Golden Mile et en bord de mer. Ces caract\u00e9ristiques en font l&rsquo;un des immeubles les plus recherch\u00e9s de la Golden Mile de Marbella.<\/span><\/p>\n\n\n\n<h3 class=\"wp-block-heading\"><span style=\"font-weight: 400;\">Immeuble Itxaso<\/span><\/h3>\n\n\n\n<p><span style=\"font-weight: 400;\">Il s&rsquo;agit d&rsquo;un immeuble charmant qui ne compte que cinq appartements. Il se distingue par la qualit\u00e9 de ses finitions et est situ\u00e9 en deuxi\u00e8me ligne de plage. \u00c0 c\u00f4t\u00e9 de lui se trouve <\/span><a href=\"https:\/\/www.senatormarbellaspahotel.com\/fr\/\" target=\"_blank\" rel=\"noopener\"><span style=\"font-weight: 400;\">l&rsquo;h\u00f4tel Senator Marbella Spa<\/span><\/a><span style=\"font-weight: 400;\">.<\/span><\/p>\n\n\n\n<h3 class=\"wp-block-heading\"><a href=\"https:\/\/www.nevadomarbella.com\/fr\/7549-plat-a-lalhambra-del-mar-votre-meilleure-option.html\" target=\"_blank\" rel=\"noopener\"><span style=\"font-weight: 400;\">Urbanisation Alhambra del Mar<\/span><\/a><\/h3>\n\n\n\n<p><span style=\"font-weight: 400;\">Cette urbanisation de bord de mer a un acc\u00e8s direct \u00e0 la promenade. Elle se distingue par sa beaut\u00e9 paysag\u00e8re et architecturale. Elle a \u00e9t\u00e9 con\u00e7ue par le prestigieux architecte Melvin Villarroel.<\/span><\/p>\n\n\n\n<h3 class=\"wp-block-heading\"><a href=\"https:\/\/www.nevadomarbella.com\/fr\/7666-palacio-de-congresos-vivre-entre-le-centre-de-marbella-et-le-golden-mile.html\"><span style=\"font-weight: 400;\">B\u00e2timent du Palacio de Congresos<\/span><\/a><\/h3>\n\n\n\n<figure class=\"wp-block-image alignleft is-resized wp-image-8919 size-medium wp-duotone-duotone-2\"><img decoding=\"async\" width=\"920\" height=\"518\" src=\"https:\/\/www.nevadomarbella.com\/wp-content\/uploads\/2022\/02\/apartamento-en-palacio-de-congresos-marbella-nevado-realty-920x518.jpg\" alt=\"Appartement de 3 chambres \u00e0 coucher dans Residencial Palacio de Congresos \" class=\"wp-image-8919\" style=\"width:530px;height:auto\" srcset=\"https:\/\/www.nevadomarbella.com\/wp-content\/uploads\/2022\/02\/apartamento-en-palacio-de-congresos-marbella-nevado-realty-1536x864.jpg 1536w, https:\/\/www.nevadomarbella.com\/wp-content\/uploads\/2022\/02\/apartamento-en-palacio-de-congresos-marbella-nevado-realty.jpg 1920w\" sizes=\"(max-width: 920px) 100vw, 920px\" \/><figcaption class=\"wp-element-caption\">Appartement de 3 chambres \u00e0 coucher dans Residencial Palacio de Congresos<\/figcaption><\/figure>\n\n\n\n<p><span style=\"font-weight: 400;\">On le trouve juste derri\u00e8re l&rsquo;h\u00f4tel Don Pepe Gran Meli\u00e1. Ce b\u00e2timent est l&rsquo;option la plus abordable dans cette zone si vous voulez profiter de la vue sur la mer. Sur la deuxi\u00e8me ligne de la plage, \u00e0 c\u00f4t\u00e9 de <\/span><a href=\"https:\/\/www.senatormarbellaspahotel.com\/fr\/\" target=\"_blank\" rel=\"noopener\"><span style=\"font-weight: 400;\">l&rsquo;h\u00f4tel Senator Marbella Spa<\/span><\/a><span style=\"font-weight: 400;\">.<\/span><\/p>\n\n\n\n<h3 class=\"wp-block-heading\"><a href=\"https:\/\/www.nevadomarbella.com\/fr\/7971-batiment-gran-marbella-premiere-ligne-de-plage-a-marbella.html\" target=\"_blank\" rel=\"noopener\"><span style=\"font-weight: 400;\">Immeuble Gran Marbella<\/span><\/a><\/h3>\n\n\n\n<figure class=\"wp-block-image alignright is-resized wp-image-8923 size-medium wp-duotone-duotone-2\"><img decoding=\"async\" width=\"920\" height=\"518\" src=\"https:\/\/www.nevadomarbella.com\/wp-content\/uploads\/2022\/02\/apartamento-en-gran-marbella-con-vistas-nevado-realty-920x518.jpg\" alt=\"Appartement \u00e0 Gran Marbella\" class=\"wp-image-8923\" style=\"width:507px;height:auto\" srcset=\"https:\/\/www.nevadomarbella.com\/wp-content\/uploads\/2022\/02\/apartamento-en-gran-marbella-con-vistas-nevado-realty-1536x864.jpg 1536w, https:\/\/www.nevadomarbella.com\/wp-content\/uploads\/2022\/02\/apartamento-en-gran-marbella-con-vistas-nevado-realty.jpg 1920w\" sizes=\"(max-width: 920px) 100vw, 920px\" \/><figcaption class=\"wp-element-caption\">Appartement \u00e0 Gran Marbella<\/figcaption><\/figure>\n\n\n\n<p><span style=\"font-weight: 400;\">Situ\u00e9 entre Don Gonzalo et Mare Nostrum, il se trouve en bord de mer. Il a un acc\u00e8s direct \u00e0 la promenade. Du c\u00f4t\u00e9 ouest se trouve l&rsquo;h\u00f4tel Don Pepe Gran Meli\u00e1.<\/span><\/p>\n\n\n\n<h3 class=\"wp-block-heading\"><a href=\"https:\/\/www.nevadomarbella.com\/fr\/14517-appartements-a-don-gonzalo-building-luxury-apartments-in-marbella-centre.html\" target=\"_blank\" data-type=\"link\" data-id=\"https:\/\/www.nevadomarbella.com\/fr\/14517-appartements-a-don-gonzalo-building-luxury-apartments-in-marbella-centre.html\" rel=\"noreferrer noopener\"><span style=\"font-weight: 400;\">Immeuble Don Gonzalo<\/span><\/a><\/h3>\n\n\n\n<p>Il s&rsquo;agit de l&rsquo;immeuble le plus luxueux du centre de Marbella. Ses appartements sont parmi les meilleurs appartements \u00e0 Marbella centre et sont tr\u00e8s spacieux. Il dispose de grands jardins, d&rsquo;une piscine et se situe \u00e0 seulement 50 m\u00e8tres de la plage.<\/p>\n\n\n\n<figure class=\"wp-block-image aligncenter is-resized wp-image-10288 size-medium wp-duotone-duotone-2\"><img decoding=\"async\" width=\"920\" height=\"614\" src=\"https:\/\/www.nevadomarbella.com\/wp-content\/uploads\/2021\/12\/apartamento-don-gonzalo-vistas-mara-marbella-nevado-realty-920x614.jpg\" alt=\"Appartement \u00e0 Don Gonzalo avec vue sur la mer dans le centre de Marbella\" class=\"wp-image-10288\" style=\"width:544px;height:auto\" srcset=\"https:\/\/www.nevadomarbella.com\/wp-content\/uploads\/2021\/12\/apartamento-don-gonzalo-vistas-mara-marbella-nevado-realty-1536x1025.jpg 1536w, https:\/\/www.nevadomarbella.com\/wp-content\/uploads\/2021\/12\/apartamento-don-gonzalo-vistas-mara-marbella-nevado-realty.jpg 1776w\" sizes=\"(max-width: 920px) 100vw, 920px\" \/><figcaption class=\"wp-element-caption\">Appartement \u00e0 Don Gonzalo avec vue sur la mer dans le centre de Marbella<\/figcaption><\/figure>\n\n\n\n<h3 class=\"wp-block-heading\"><a href=\"https:\/\/www.nevadomarbella.com\/fr\/8177-batiment-mare-nostrum-plage-de-premiere-ligne-dans-le-centre-de-marbella.html\" target=\"_blank\" rel=\"noopener\"><span style=\"font-weight: 400;\">Edificio Mare Nostrum<\/span><\/a><\/h3>\n\n\n\n<p><span style=\"font-weight: 400;\">Il est situ\u00e9 en bord de mer et ses terrasses b\u00e9n\u00e9ficient dw&rsquo;excellentes vues panoramiques. Bien qu&rsquo;il fasse partie du complexe Cipreses del Mar, il en est s\u00e9par\u00e9 par la route. Connu comme \u00ab\u00a0la machine \u00e0 laver\u00a0\u00bb.<\/span><\/p>\n\n\n\n<h3 class=\"wp-block-heading\"><a href=\"https:\/\/www.nevadomarbella.com\/fr\/6758-le-luxe-de-vivre-a-los-cipreses-del-mar.html\" target=\"_blank\" rel=\"noopener\"><span style=\"font-weight: 400;\">Complexe Les Cipreses del Mar <\/span><\/a><\/h3>\n\n\n\n<figure class=\"wp-block-image alignright is-resized wp-image-8931 size-medium wp-duotone-duotone-2\"><img decoding=\"async\" width=\"920\" height=\"518\" src=\"https:\/\/www.nevadomarbella.com\/wp-content\/uploads\/2022\/02\/apartamento-en-cipreses-del-mar-marbella-nevado-realty-920x518.jpg\" alt=\"Appartement \u00e0 Cipreses del Mar \" class=\"wp-image-8931\" style=\"width:509px;height:auto\" srcset=\"https:\/\/www.nevadomarbella.com\/wp-content\/uploads\/2022\/02\/apartamento-en-cipreses-del-mar-marbella-nevado-realty-1536x864.jpg 1536w, https:\/\/www.nevadomarbella.com\/wp-content\/uploads\/2022\/02\/apartamento-en-cipreses-del-mar-marbella-nevado-realty.jpg 1920w\" sizes=\"(max-width: 920px) 100vw, 920px\" \/><figcaption class=\"wp-element-caption\">Appartement \u00e0 Cipreses del Mar<\/figcaption><\/figure>\n\n\n\n<p><span style=\"font-weight: 400;\">Form\u00e9 par les b\u00e2timents N\u00e1yade, Poseid\u00f3n et Nereida, c&rsquo;est l&rsquo;un des complexes les plus exclusifs du centre de Marbella. Sa construction en marbre et son espace caract\u00e9risent cet immeuble dot\u00e9 d&rsquo;un service de conciergerie 24 heures sur 24. En deuxi\u00e8me ligne de la plage.<\/span><\/p>\n\n\n\n<h3 class=\"wp-block-heading\"><a href=\"https:\/\/www.nevadomarbella.com\/fr\/7199-vivre-a-marbella-house-la-meilleure-facon-de-profiter-de-marbella.html\" target=\"_blank\" rel=\"noopener\"><span style=\"font-weight: 400;\">Immeuble Marbella House<\/span><\/a><\/h3>\n\n\n\n<figure class=\"wp-block-image alignleft is-resized wp-image-8935 size-medium wp-duotone-duotone-2\"><img decoding=\"async\" width=\"920\" height=\"518\" src=\"https:\/\/www.nevadomarbella.com\/wp-content\/uploads\/2022\/02\/atico-en-marbella-house-nevado-realty-920x518.jpg\" alt=\"Penthouse dans Marbella House avec vue sur la mer \" class=\"wp-image-8935\" style=\"width:590px;height:auto\" srcset=\"https:\/\/www.nevadomarbella.com\/wp-content\/uploads\/2022\/02\/atico-en-marbella-house-nevado-realty-1536x865.jpg 1536w, https:\/\/www.nevadomarbella.com\/wp-content\/uploads\/2022\/02\/atico-en-marbella-house-nevado-realty.jpg 1917w\" sizes=\"(max-width: 920px) 100vw, 920px\" \/><figcaption class=\"wp-element-caption\">Penthouse dans Marbella House avec vue sur la mer (cliquez sur le lien pour plus d&rsquo;informations)<\/figcaption><\/figure>\n\n\n\n<p><span style=\"font-weight: 400;\">Il s&rsquo;agit de l&rsquo;un des immeubles les plus recherch\u00e9s du centre de Marbella. Avec de grands espaces communs, un service de s\u00e9curit\u00e9 et de conciergerie, il offre un excellent rapport qualit\u00e9-prix. De nombreux jardins et une grande piscine commune.<\/span><\/p>\n\n\n\n<h3 class=\"wp-block-heading\"><span style=\"font-weight: 400;\">B\u00e2timent Atrium<\/span><\/h3>\n\n\n\n<figure class=\"wp-block-image alignleft is-resized wp-image-8939 size-medium wp-duotone-duotone-2\"><img decoding=\"async\" width=\"920\" height=\"518\" src=\"https:\/\/www.nevadomarbella.com\/wp-content\/uploads\/2022\/02\/apartamento-en-atrium-marbella-nevado-realty-920x518.jpg\" alt=\"Appartement dans le b\u00e2timent Atrium \" class=\"wp-image-8939\" style=\"width:588px;height:auto\" srcset=\"https:\/\/www.nevadomarbella.com\/wp-content\/uploads\/2022\/02\/apartamento-en-atrium-marbella-nevado-realty-1536x865.jpg 1536w, https:\/\/www.nevadomarbella.com\/wp-content\/uploads\/2022\/02\/apartamento-en-atrium-marbella-nevado-realty.jpg 1620w\" sizes=\"(max-width: 920px) 100vw, 920px\" \/><figcaption class=\"wp-element-caption\">Appartement dans le b\u00e2timent Atrium<\/figcaption><\/figure>\n\n\n\n<p><span style=\"font-weight: 400;\">Situ\u00e9 juste derri\u00e8re le b\u00e2timent Palm Beach et \u00e0 c\u00f4t\u00e9 de Marbella House. Vous trouverez la plage de Fontanilla \u00e0 100 m\u00e8tres et les meilleurs restaurants, clubs de plage et caf\u00e9s.<\/span><\/p>\n\n\n\n<h3 class=\"wp-block-heading\"><span style=\"font-weight: 400;\">Immeuble Palm Beach<\/span><\/h3>\n\n\n\n<p><span style=\"font-weight: 400;\">En premi\u00e8re ligne de la plage Fontanilla, dans la meilleure zone de la promenade de Marbella. D&rsquo;un c\u00f4t\u00e9 se trouve le b\u00e2timent Palm Beach et de l&rsquo;autre le <\/span><a href=\"https:\/\/www.hapimag.com\/fr\/\" target=\"_blank\" rel=\"noopener\"><span style=\"font-weight: 400;\">Happimag Resort Marbella<\/span><\/a><span style=\"font-weight: 400;\">.<\/span><\/p>\n\n\n\n<h3 class=\"wp-block-heading\"><span style=\"font-weight: 400;\">B\u00e2timent Imperator<\/span><\/h3>\n\n\n\n<p><span style=\"font-weight: 400;\">Ce b\u00e2timent en bord de mer a un acc\u00e8s direct \u00e0 la promenade. L&rsquo;orientation sud-ouest offre une grande luminosit\u00e9 \u00e0 tous les appartements et des vues spectaculaires sur le coucher du soleil.<\/span><\/p>\n\n\n\n<h3 class=\"wp-block-heading\"><span style=\"font-weight: 400;\">B\u00e2timent Skol<\/span><\/h3>\n\n\n\n<figure class=\"wp-block-image alignleft is-resized wp-image-8943 size-medium wp-duotone-duotone-2\"><img decoding=\"async\" width=\"920\" height=\"518\" src=\"https:\/\/www.nevadomarbella.com\/wp-content\/uploads\/2022\/02\/apartamento-en-edificio-skol-marbella-nevado-realty-920x518.jpg\" alt=\"Penthouse dans l'immeuble Skol avec vue sur la mer \" class=\"wp-image-8943\" style=\"width:592px;height:auto\" srcset=\"https:\/\/www.nevadomarbella.com\/wp-content\/uploads\/2022\/02\/apartamento-en-edificio-skol-marbella-nevado-realty-1536x864.jpg 1536w, https:\/\/www.nevadomarbella.com\/wp-content\/uploads\/2022\/02\/apartamento-en-edificio-skol-marbella-nevado-realty.jpg 1920w\" sizes=\"(max-width: 920px) 100vw, 920px\" \/><figcaption class=\"wp-element-caption\">Penthouse dans l&rsquo;immeuble Skol avec vue sur la mer (cliquez sur le lien pour plus d&rsquo;informations)<\/figcaption><\/figure>\n\n\n\n<p><span style=\"font-weight: 400;\">\u00c0 ses d\u00e9buts, il s&rsquo;agissait d&rsquo;un appart-h\u00f4tel tr\u00e8s appr\u00e9ci\u00e9 en raison de son emplacement exceptionnel en bord de mer. La vente ult\u00e9rieure des propri\u00e9t\u00e9s a permis \u00e0 de nombreux acheteurs d&rsquo;avoir acc\u00e8s \u00e0 un appartement en bord de mer.<\/span><\/p>\n\n\n\n<h3 class=\"wp-block-heading\"><span style=\"font-weight: 400;\">B\u00e2timent Parque Marbella<\/span><\/h3>\n\n\n\n<p><span style=\"font-weight: 400;\">Il est situ\u00e9 \u00e0 l&rsquo;arri\u00e8re du Parque de la Constituci\u00f3n, \u00e0 seulement 150 m\u00e8tres de la plage. Le b\u00e2timent a la forme d&rsquo;une croisi\u00e8re et est l&rsquo;un des plus embl\u00e9matiques de la ville.<\/span><\/p>\n\n\n\n<h3 class=\"wp-block-heading\"><span style=\"font-weight: 400;\">Eden Roc<\/span><\/h3>\n\n\n\n<p><span style=\"font-weight: 400;\">L&rsquo;Eden Roc est situ\u00e9 sur la promenade du front de mer. Avec la plage Playa del Faro au sud et le <\/span><a href=\"https:\/\/www.viajamalaga.com\/parque-de-la-constitucion\/\" target=\"_blank\" rel=\"noopener\"><span style=\"font-weight: 400;\">Parque de la Constituci\u00f3n<\/span><\/a><span style=\"font-weight: 400;\"> au nord. \u00c0 l&rsquo;ouest, nous pouvons marcher le long de la promenade de marbre vers le Golden Mile. L\u00e0, nous avons une gamme impressionnante de restaurants, clubs de plage, caf\u00e9s&#8230;).<\/span><\/p>\n\n\n\n<h3 class=\"wp-block-heading\"><span style=\"font-weight: 400;\">Immeuble Marbella 2000<\/span><\/h3>\n\n\n\n<figure class=\"wp-block-image alignright is-resized wp-image-8947 size-medium wp-duotone-duotone-2\"><img decoding=\"async\" width=\"920\" height=\"518\" src=\"https:\/\/www.nevadomarbella.com\/wp-content\/uploads\/2022\/02\/apartamento-en-marbella-2000-nevado-realty-920x518.jpg\" alt=\"Appartement \u00e0 Marbella 2000 avec vue sur la mer \" class=\"wp-image-8947\" style=\"width:488px;height:auto\" srcset=\"https:\/\/www.nevadomarbella.com\/wp-content\/uploads\/2022\/02\/apartamento-en-marbella-2000-nevado-realty-1536x864.jpg 1536w, https:\/\/www.nevadomarbella.com\/wp-content\/uploads\/2022\/02\/apartamento-en-marbella-2000-nevado-realty.jpg 1920w\" sizes=\"(max-width: 920px) 100vw, 920px\" \/><figcaption class=\"wp-element-caption\">Appartement \u00e0 Marbella 2000 avec vue sur la mer (cliquez sur le lien pour plus d&rsquo;informations)<\/figcaption><\/figure>\n\n\n\n<p><span style=\"font-weight: 400;\">Situ\u00e9 juste en face de la marina, il offre de multiples possibilit\u00e9s de restauration et de divertissement. Nous pourrons d\u00eener, prendre un caf\u00e9 ou une glace dans l&rsquo;un des \u00e9tablissements voisins.<\/span><\/p>\n\n\n\n<h3 class=\"wp-block-heading\"><span style=\"font-weight: 400;\">B\u00e2timent Millenium<\/span><\/h3>\n\n\n\n<p><span style=\"font-weight: 400;\">Nous trouvons les b\u00e2timents Millenium I et II, au milieu de la promenade et en face du <\/span><a href=\"http:\/\/www.realclubmaritimodemarbella.com\/\" target=\"_blank\" rel=\"noopener\"><span style=\"font-weight: 400;\">Real Club Mar\u00edtimo de Marbella<\/span><\/a><span style=\"font-weight: 400;\">. D&rsquo;un c\u00f4t\u00e9, nous avons la Playa de la Venus et de l&rsquo;autre la Playa del Faro, les plages les plus populaires de la ville.<\/span><\/p>\n\n\n\n<h3 class=\"wp-block-heading\"><span style=\"font-weight: 400;\">B\u00e2timent Antonio Herrero<\/span><\/h3>\n\n\n\n<p><span style=\"font-weight: 400;\">Cet immeuble est situ\u00e9 sur le c\u00f4t\u00e9 ouest de<\/span><span style=\"font-weight: 400;\"> l&rsquo;Avenida del Mar<\/span><span style=\"font-weight: 400;\">, de construction plus r\u00e9cente que les immeubles voisins. Du c\u00f4t\u00e9 ouest se trouve l&rsquo;Avenida Miguel Cano, une rue pi\u00e9tonne avec la plus grande concentration de restaurants de la ville.<\/span><\/p>\n\n\n\n<h3 class=\"wp-block-heading\"><span style=\"font-weight: 400;\">B\u00e2timent Marisol<\/span><\/h3>\n\n\n\n<figure class=\"wp-block-image alignleft is-resized wp-image-8951 size-medium wp-duotone-duotone-2\"><img decoding=\"async\" width=\"920\" height=\"518\" src=\"https:\/\/www.nevadomarbella.com\/wp-content\/uploads\/2022\/02\/apartamento-en-edificio-marisol-marbella-nevado-realty-920x518.jpg\" alt=\"Appartement dans l'immeuble Marisol avec vue sur la mer en premi\u00e8re ligne\" class=\"wp-image-8951\" style=\"width:595px;height:auto\" srcset=\"https:\/\/www.nevadomarbella.com\/wp-content\/uploads\/2022\/02\/apartamento-en-edificio-marisol-marbella-nevado-realty-1536x865.jpg 1536w, https:\/\/www.nevadomarbella.com\/wp-content\/uploads\/2022\/02\/apartamento-en-edificio-marisol-marbella-nevado-realty.jpg 1620w\" sizes=\"(max-width: 920px) 100vw, 920px\" \/><figcaption class=\"wp-element-caption\">Appartement dans l&rsquo;immeuble Marisol avec vue sur la mer en premi\u00e8re ligne (cliquez sur le lien pour plus d&rsquo;informations)<\/figcaption><\/figure>\n\n\n\n<p><span style=\"font-weight: 400;\">Cet immeuble en bord de mer est situ\u00e9 dans l&rsquo;une des zones les plus fr\u00e9quent\u00e9es de la ville. Il est situ\u00e9 au milieu d&rsquo;une rue pi\u00e9tonne, entour\u00e9 de restaurants, \u00e0 c\u00f4t\u00e9 de la promenade et en face de la marina.<\/span><\/p>\n\n\n\n<h3 class=\"wp-block-heading\"><span style=\"font-weight: 400;\">B\u00e2timent Puerta del Mar<\/span><\/h3>\n\n\n\n<p><span style=\"font-weight: 400;\">Derri\u00e8re le b\u00e2timent Marino, il s&rsquo;agit du b\u00e2timent le plus au nord de l&rsquo;Avenida del Mar. <\/span><span style=\"font-weight: 400;\">L&rsquo;Alameda<\/span><span style=\"font-weight: 400;\"> se trouve juste en face et la plage est \u00e0 seulement 100 m\u00e8tres.<\/span><\/p>\n\n\n\n<h3 class=\"wp-block-heading\"><span style=\"font-weight: 400;\">B\u00e2timent Marino<\/span><\/h3>\n\n\n\n<p><span style=\"font-weight: 400;\">Il est situ\u00e9 dans la deuxi\u00e8me ligne, juste derri\u00e8re le b\u00e2timent Solimar. Juste \u00e0 c\u00f4t\u00e9 de l&rsquo;Avenida del Mar, autour duquel se trouvent de nombreux restaurants et <\/span><a href=\"https:\/\/www.fuertehoteles.com\/fr\/hotel\/fuerte-marbella\/lhotel\/\" target=\"_blank\" rel=\"noopener\"><span style=\"font-weight: 400;\">l&rsquo;h\u00f4tel El Fuerte<\/span><\/a><span style=\"font-weight: 400;\">. L&rsquo;un des meilleurs immeubles pour profiter de la vie active dans le centre de Marbella.<\/span><\/p>\n\n\n\n<figure class=\"wp-block-image alignright is-resized wp-image-9316 size-medium wp-duotone-duotone-2\"><img decoding=\"async\" width=\"920\" height=\"613\" src=\"https:\/\/www.nevadomarbella.com\/wp-content\/uploads\/2022\/02\/atico-vistas-mar-marbella-centro-edificio-marino-nevado-realty-920x613.jpg\" alt=\"Penthouse avec vue sur la mer dans le centre de Marbella \u00e0 c\u00f4t\u00e9 de la plage\" class=\"wp-image-9316\" style=\"width:479px;height:auto\" srcset=\"https:\/\/www.nevadomarbella.com\/wp-content\/uploads\/2022\/02\/atico-vistas-mar-marbella-centro-edificio-marino-nevado-realty-1536x1024.jpg 1536w, https:\/\/www.nevadomarbella.com\/wp-content\/uploads\/2022\/02\/atico-vistas-mar-marbella-centro-edificio-marino-nevado-realty.jpg 1920w\" sizes=\"(max-width: 920px) 100vw, 920px\" \/><figcaption class=\"wp-element-caption\">Penthouse avec vue sur la mer dans le centre de Marbella \u00e0 c\u00f4t\u00e9 de la plage<\/figcaption><\/figure>\n\n\n\n<h3 class=\"wp-block-heading\"><span style=\"font-weight: 400;\">B\u00e2timent Solymar<\/span><\/h3>\n\n\n\n<p><span style=\"font-weight: 400;\">Situ\u00e9 \u00e0 c\u00f4t\u00e9 de l&rsquo;Alameda, il offre des vues exceptionnelles sur la mer. On peut acc\u00e9der \u00e0 la promenade et \u00e0 la marina en moins d&rsquo;une minute.<\/span><\/p>\n\n\n\n<h3 class=\"wp-block-heading\"><span style=\"font-weight: 400;\">B\u00e2timent Marbell Center<\/span><\/h3>\n\n\n\n<p><span style=\"font-weight: 400;\">C&rsquo;est l&rsquo;un des b\u00e2timents embl\u00e9matiques de Marbella, qui jouxte un autre d&rsquo;entre eux, l&rsquo;h\u00f4tel El Fuerte. La rue principale, l&rsquo;Avenida Ricardo Soriano, longe son c\u00f4t\u00e9 nord. Du c\u00f4t\u00e9 sud, il est situ\u00e9 en bord de mer, avec de magnifiques vues sur la mer.<\/span><\/p>\n\n\n\n<h3 class=\"wp-block-heading\"><span style=\"font-weight: 400;\">B\u00e2timent Torre Marina<\/span><\/h3>\n\n\n\n<p><span style=\"font-weight: 400;\">C&rsquo;est l&rsquo;un des b\u00e2timents les plus r\u00e9cents de cette zone. Avec une image plus moderne, il se distingue des b\u00e2timents voisins. Il y a plusieurs kilom\u00e8tres de promenade dans les deux sens. Au rez-de-chauss\u00e9e du b\u00e2timent, on trouve la <\/span><a href=\"https:\/\/hospitalochoa.com\/en\/\" target=\"_blank\" rel=\"noopener\"><span style=\"font-weight: 400;\">clinique Ochoa<\/span><\/a><span style=\"font-weight: 400;\">.<\/span><\/p>\n\n\n\n<h3 class=\"wp-block-heading\"><span style=\"font-weight: 400;\">B\u00e2timent Mayoral<\/span><\/h3>\n\n\n\n<figure class=\"wp-block-image alignright is-resized wp-image-9213 size-medium wp-duotone-duotone-2\"><img decoding=\"async\" width=\"920\" height=\"612\" src=\"https:\/\/www.nevadomarbella.com\/wp-content\/uploads\/2022\/02\/atico-edificio-mayoral-marbella-centro-nevado-realty-920x612.jpg\" alt=\"Penthouse en bord de mer dans le b\u00e2timent Mayoral avec vue panoramique\" class=\"wp-image-9213\" style=\"width:474px;height:auto\" srcset=\"https:\/\/www.nevadomarbella.com\/wp-content\/uploads\/2022\/02\/atico-edificio-mayoral-marbella-centro-nevado-realty-1536x1022.jpg 1536w, https:\/\/www.nevadomarbella.com\/wp-content\/uploads\/2022\/02\/atico-edificio-mayoral-marbella-centro-nevado-realty.jpg 1920w\" sizes=\"(max-width: 920px) 100vw, 920px\" \/><figcaption class=\"wp-element-caption\">Penthouse en bord de mer dans le b\u00e2timent Mayoral avec vue panoramique<\/figcaption><\/figure>\n\n\n\n<p><span style=\"font-weight: 400;\">Ce b\u00e2timent est situ\u00e9 sur le front de mer de La Venus, \u00e0 c\u00f4t\u00e9 de<\/span><a href=\"https:\/\/www.amarehotels.com\/fr\/amare-marbella\/\" target=\"_blank\" rel=\"noopener\"><span style=\"font-weight: 400;\"> l&rsquo;h\u00f4tel Amare Beach<\/span><\/a><span style=\"font-weight: 400;\">, qui appartient aux h\u00f4tels du groupe Fuerte. \u00c0 c\u00f4t\u00e9 de ce b\u00e2timent, vous trouverez un large \u00e9ventail de restaurants. Il dispose d&rsquo;une piscine commune.<\/span><\/p>\n\n\n\n<h3 class=\"wp-block-heading\"><span style=\"font-weight: 400;\">B\u00e2timent Puerta de Marbella<\/span><\/h3>\n\n\n\n<p><span style=\"font-weight: 400;\">Avec ses grandes terrasses et sa conception en forme de U, le b\u00e2timent Puerta de Marbella est un grand balcon donnant sur la M\u00e9diterran\u00e9e. Situ\u00e9 \u00e0 50 m\u00e8tres de la plage, \u00e0 c\u00f4t\u00e9 de la <\/span><a href=\"https:\/\/cascoantiguodemarbella.com\/\" target=\"_blank\" rel=\"noopener\"><span style=\"font-weight: 400;\">vieille ville<\/span><\/a><span style=\"font-weight: 400;\">, on y trouve tout ce dont on a besoin. Il suffit d&rsquo;une promenade tranquille de cinq minutes.<\/span><\/p>\n\n\n\n<h3 class=\"wp-block-heading\"><span style=\"font-weight: 400;\">Urbanisation Marbella del Mar<\/span><\/h3>\n\n\n\n<p><span style=\"font-weight: 400;\">\u00c0 l&rsquo;ouest du b\u00e2timent Embajada se trouve Marbella del Mar, un complexe en bord de mer avec acc\u00e8s \u00e0 la promenade.&nbsp;<\/span><\/p>\n\n\n\n<h3 class=\"wp-block-heading\"><span style=\"font-weight: 400;\">B\u00e2timent Embajada<\/span><\/h3>\n\n\n\n<p><span style=\"font-weight: 400;\">Il est situ\u00e9 en premi\u00e8re ligne de l&rsquo;une des plages les plus populaires de Marbella. Nous pourrons y acc\u00e9der depuis un escalier qui descend directement des parties communes de l&rsquo;immeuble jusqu&rsquo;\u00e0 la promenade.<\/span><\/p>\n\n\n\n<h3 class=\"wp-block-heading\"><a href=\"https:\/\/www.nevadomarbella.com\/fr\/6828-avantages-de-vivre-dans-lurbanisation-de-la-zambomba.html\" target=\"_blank\" rel=\"noopener\"><span style=\"font-weight: 400;\">Edificio La Zambomba<\/span><\/a><\/h3>\n\n\n\n<p><span style=\"font-weight: 400;\">Il est situ\u00e9 dans la partie orientale du centre ville, \u00e0 c\u00f4t\u00e9 de l&rsquo;h\u00f4pital Quir\u00f3n. Situ\u00e9s en bord de mer, les appartements orient\u00e9s au sud offrent une vue imprenable sur la mer et le port de p\u00eache.<\/span><\/p>\n\n\n\n<h2 class=\"wp-block-heading\"><span style=\"font-weight: 400;\">Comment <a href=\"http:\/\/nevadomarbella.com\/proprietes\/marbella-appartements+-+habitats\/\" target=\"_blank\" rel=\"noopener\">acheter un appartement dans le centre de Marbella<\/a> ?<\/span><\/h2>\n\n\n\n<p><span style=\"font-weight: 400;\">Si nous avons d\u00e9cid\u00e9 d&rsquo;acheter un appartement ou un penthouse \u00e0 Marbella, nous devons faire confiance aux meilleurs professionnels. Il est essentiel de se tenir au courant des derni\u00e8res acquisitions et de faire confiance \u00e0 une agence qui a de l&rsquo;exp\u00e9rience dans la r\u00e9gion.<\/span><\/p>\n\n\n\n<p><span style=\"font-weight: 400;\">Chez Nevado Realty, nous avons plus de 26 ans d&rsquo;exp\u00e9rience dans la r\u00e9gion. Nous sommes une agence immobili\u00e8re de Marbella, sp\u00e9cialis\u00e9e dans le centre ville et le Golden Mile. Cela nous permet d&rsquo;\u00eatre les premiers \u00e0 acc\u00e9der aux derni\u00e8res propri\u00e9t\u00e9s en vente et d&rsquo;alerter nos clients d\u00e8s que possible.<\/span><\/p>\n\n\n\n<p>Nous esp\u00e9rons que cet article vous a aid\u00e9 \u00e0 choisir parmi les meilleurs appartements \u00e0 Marbella centre. S&rsquo;il vous manque des informations, l&rsquo;\u00e9quipe de Nevado se fera un plaisir de r\u00e9pondre \u00e0 vos questions.<\/p>\n\n\n\n<p><span style=\"font-weight: 400;\">Nous pouvons \u00e9galement vous aider si vous envisagez de vendre votre propri\u00e9t\u00e9 dans le centre de Marbella. Nous vous proposerons une <\/span><a href=\"https:\/\/www.nevadomarbella.com\/vendre-propriete-marbella\/\" target=\"_blank\" rel=\"noopener\"><span style=\"font-weight: 400;\">\u00e9valuation gratuite de votre propri\u00e9t\u00e9<\/span><\/a><span style=\"font-weight: 400;\"> (cliquez sur le lien pour plus d&rsquo;informations) en fonction de la situation actuelle du march\u00e9.<\/span><\/p>\n\n\n\n<section class=\"wp-block-group jaleo-properties-grid is-layout-flow wp-block-group-is-layout-flow\" style=\"margin-top:0;margin-bottom:var(--wp--preset--spacing--60);padding-right:var(--wp--preset--spacing--50);padding-left:var(--wp--preset--spacing--50)\">\n<h2 class=\"wp-block-heading has-text-align-center\" style=\"padding-right:var(--wp--preset--spacing--20);padding-left:var(--wp--preset--spacing--20)\">DERNIERS APPARTEMENTS EN VENTE \u00c0 MARBELLA CENTRE<\/h2>\n\n\n\n<p class=\"has-text-align-center\" style=\"padding-right:var(--wp--preset--spacing--20);padding-left:var(--wp--preset--spacing--20)\">D\u00e9couvrez nos derniers appartements dans le quartier le plus recherch\u00e9 de Marbella. En tant que sp\u00e9cialistes de la r\u00e9gion depuis 1994, nous sommes les premiers \u00e0 conna\u00eetre les nouvelles opportunit\u00e9s du march\u00e9.<\/p>\n\n\n\n<div class=\"wp-block-group is-layout-flow wp-block-group-is-layout-flow\" style=\"margin-top:var(--wp--preset--spacing--30);padding-top:0;padding-right:0;padding-bottom:0;padding-left:0\">\t<div id=\"wpb__style_container\" class=\"wpb--container\">\r\n\t\t<div class=\"wpb--card-container\">\r\n\t\t\t<div class=\"wpb--card\">\n\t<div class=\"wpb--aspect-box wpb--panoramic\">\n\t\t<a class=\"wpb--stretched-link\" href=\"\/fr\/propriete\/vente-cipreses-del-mar-appartement-673430\">\n\t\t\t\t\t\t\t<img decoding=\"async\" loading=\"lazy\" class=\"wpb--image-fit\" src=\"https:\/\/www.nevadomarbella.com\/wp-content\/uploads\/inmoba\/thumb-all-0.75-exact-673430.webp\" alt=\"Appartement \u00e0 Cipreses del Mar \u00e0 vendre\" \/>\n\t\t\t\n\t\t\t\t\t<\/a>\n\t<\/div>\n\t<div class=\"wpb--card-body\">\n\t\t<span class=\"wpb--card-body-location\">Cipreses del Mar - Marbella Centre<\/span>\n\t\t<h3 class=\"wpb--card-title\">\n\t\t\t<a class=\"wpb--stretched-link\" href=\"\/fr\/propriete\/vente-cipreses-del-mar-appartement-673430\">\n\t\t\t\tAppartement \u00e0 Cipreses del Mar \u00e0 vendre\t\t\t<\/a>\n\t\t<\/h3>\n\t\t<div class=\"wpb--card-data\">\n\t\t\t<ul class=\"wpb--card-features\">\n\t\t\t\t\t\t\t\t\t\t<li>4  Chambres, <\/li>\n\t\t\t\t\t\t\t\t\t\t<li>3  Bains, <\/li>\n\t\t\t\t\t\t\t\t\t\t<li>332 m&sup2; Construit<\/li>\n\t\t\t\t\t\t\t<\/ul>\n\t\t\t<div class=\"wpb--card-price\">\n\t\t\t\t2.650.000 &euro;<span>163-04542P<\/span>\t\t\t<\/div>\n\t\t<\/div>\n\t<\/div>\n<\/div>\n<div class=\"wpb--card\">\n\t<div class=\"wpb--aspect-box wpb--panoramic\">\n\t\t<a class=\"wpb--stretched-link\" href=\"\/fr\/propriete\/vente-marbella-house-appartement-rez-de-chaussee-666027\">\n\t\t\t\t\t\t\t<img decoding=\"async\" loading=\"lazy\" class=\"wpb--image-fit\" src=\"https:\/\/www.nevadomarbella.com\/wp-content\/uploads\/inmoba\/thumb-all-0.75-exact-666027.webp\" alt=\"Appartement enti\u00e8rement r\u00e9nov\u00e9 \u00e0 vendre dans la r\u00e9sidence Marbella House\" \/>\n\t\t\t\n\t\t\t\t\t<\/a>\n\t<\/div>\n\t<div class=\"wpb--card-body\">\n\t\t<span class=\"wpb--card-body-location\">Marbella House - Marbella Centre<\/span>\n\t\t<h3 class=\"wpb--card-title\">\n\t\t\t<a class=\"wpb--stretched-link\" href=\"\/fr\/propriete\/vente-marbella-house-appartement-rez-de-chaussee-666027\">\n\t\t\t\tAppartement enti\u00e8rement r\u00e9nov\u00e9 \u00e0 vendre dans la r\u00e9sidence Marbella House\t\t\t<\/a>\n\t\t<\/h3>\n\t\t<div class=\"wpb--card-data\">\n\t\t\t<ul class=\"wpb--card-features\">\n\t\t\t\t\t\t\t\t\t\t<li>2  Chambres, <\/li>\n\t\t\t\t\t\t\t\t\t\t<li>2  Bains, <\/li>\n\t\t\t\t\t\t\t\t\t\t<li>163 m&sup2; Construit<\/li>\n\t\t\t\t\t\t\t<\/ul>\n\t\t\t<div class=\"wpb--card-price\">\n\t\t\t\t799.000 &euro;<span>163-04519P<\/span>\t\t\t<\/div>\n\t\t<\/div>\n\t<\/div>\n<\/div>\n<div class=\"wpb--card\">\n\t<div class=\"wpb--aspect-box wpb--panoramic\">\n\t\t<a class=\"wpb--stretched-link\" href=\"\/fr\/propriete\/vente-marbella-centre-appartement-660431\">\n\t\t\t\t\t\t\t<img decoding=\"async\" loading=\"lazy\" class=\"wpb--image-fit\" src=\"https:\/\/www.nevadomarbella.com\/wp-content\/uploads\/inmoba\/thumb-all-0.75-exact-660431.webp\" alt=\"Appartement c\u00f4t\u00e9 plage au centre de Marbella \u00e0 vendre\" \/>\n\t\t\t\n\t\t\t\t\t<\/a>\n\t<\/div>\n\t<div class=\"wpb--card-body\">\n\t\t<span class=\"wpb--card-body-location\">Marbella Centre<\/span>\n\t\t<h3 class=\"wpb--card-title\">\n\t\t\t<a class=\"wpb--stretched-link\" href=\"\/fr\/propriete\/vente-marbella-centre-appartement-660431\">\n\t\t\t\tAppartement c\u00f4t\u00e9 plage au centre de Marbella \u00e0 vendre\t\t\t<\/a>\n\t\t<\/h3>\n\t\t<div class=\"wpb--card-data\">\n\t\t\t<ul class=\"wpb--card-features\">\n\t\t\t\t\t\t\t\t\t\t<li>4  Chambres, <\/li>\n\t\t\t\t\t\t\t\t\t\t<li>3  Bains, <\/li>\n\t\t\t\t\t\t\t\t\t\t<li>197 m&sup2; Construit<\/li>\n\t\t\t\t\t\t\t<\/ul>\n\t\t\t<div class=\"wpb--card-price\">\n\t\t\t\t950.000 &euro;<span>163-04494P<\/span>\t\t\t<\/div>\n\t\t<\/div>\n\t<\/div>\n<\/div>\n<div class=\"wpb--card\">\n\t<div class=\"wpb--aspect-box wpb--panoramic\">\n\t\t<a class=\"wpb--stretched-link\" href=\"\/fr\/propriete\/vente-marbella-centre-appartement-terrasse-658788\">\n\t\t\t\t\t\t\t<img decoding=\"async\" loading=\"lazy\" class=\"wpb--image-fit\" src=\"https:\/\/www.nevadomarbella.com\/wp-content\/uploads\/inmoba\/thumb-all-0.75-exact-658788.webp\" alt=\"Penthouse enti\u00e8rement r\u00e9nov\u00e9 \u00e0 vendre en plein centre-ville de Marbella\" \/>\n\t\t\t\n\t\t\t\t\t<\/a>\n\t<\/div>\n\t<div class=\"wpb--card-body\">\n\t\t<span class=\"wpb--card-body-location\">Marbella Centre<\/span>\n\t\t<h3 class=\"wpb--card-title\">\n\t\t\t<a class=\"wpb--stretched-link\" href=\"\/fr\/propriete\/vente-marbella-centre-appartement-terrasse-658788\">\n\t\t\t\tPenthouse enti\u00e8rement r\u00e9nov\u00e9 \u00e0 vendre en plein centre-ville de Marbella\t\t\t<\/a>\n\t\t<\/h3>\n\t\t<div class=\"wpb--card-data\">\n\t\t\t<ul class=\"wpb--card-features\">\n\t\t\t\t\t\t\t\t\t\t<li>3  Chambres, <\/li>\n\t\t\t\t\t\t\t\t\t\t<li>3  Bains, <\/li>\n\t\t\t\t\t\t\t\t\t\t<li>255 m&sup2; Construit<\/li>\n\t\t\t\t\t\t\t<\/ul>\n\t\t\t<div class=\"wpb--card-price\">\n\t\t\t\t1.695.000 &euro;<span>163-04480P<\/span>\t\t\t<\/div>\n\t\t<\/div>\n\t<\/div>\n<\/div>\n\t\t<\/div>\r\n\t\t<!-- Go to the full list -->\r\n\t\t\t\t<div class=\"wpb--center\">\r\n\t\t\t<a class=\"wpb--btn-outline\" href=\"\/fr\/propriete-a-vendre-a-marbella?f=sale&c=c24,a24&t=T1\">Voir plus<\/a>\r\n\t\t<\/div>\r\n\t\t\t<\/div>\r\n\n<\/div>\n<\/section>\n","protected":false},"excerpt":{"rendered":"<p>Les meilleurs appartements \u00e0 Marbella centre. Qualit\u00e9 de vie, confort, niveau de services, s\u00e9curit\u00e9&#8230; sont autant de facteurs qui alimentent le d\u00e9sir des acheteurs. Et aussi des locataires. Marbella centre est \u00e9galement une destination privil\u00e9gi\u00e9e pour ceux qui souhaitent s&rsquo;installer temporairement \u00e0 Marbella. Les retrait\u00e9s, les nomades num\u00e9riques et les \u00e9tudiants internationaux sont les locataires [&hellip;]<\/p>\n","protected":false},"author":3,"featured_media":8915,"comment_status":"closed","ping_status":"closed","sticky":false,"template":"","format":"standard","meta":{"_acf_changed":false,"footnotes":""},"categories":[465],"tags":[],"class_list":["post-8963","post","type-post","status-publish","format-standard","has-post-thumbnail","hentry","category-guidez-de-zona"],"acf":[],"_links":{"self":[{"href":"https:\/\/www.nevadomarbella.com\/fr\/wp-json\/wp\/v2\/posts\/8963","targetHints":{"allow":["GET"]}}],"collection":[{"href":"https:\/\/www.nevadomarbella.com\/fr\/wp-json\/wp\/v2\/posts"}],"about":[{"href":"https:\/\/www.nevadomarbella.com\/fr\/wp-json\/wp\/v2\/types\/post"}],"author":[{"embeddable":true,"href":"https:\/\/www.nevadomarbella.com\/fr\/wp-json\/wp\/v2\/users\/3"}],"replies":[{"embeddable":true,"href":"https:\/\/www.nevadomarbella.com\/fr\/wp-json\/wp\/v2\/comments?post=8963"}],"version-history":[{"count":1,"href":"https:\/\/www.nevadomarbella.com\/fr\/wp-json\/wp\/v2\/posts\/8963\/revisions"}],"predecessor-version":[{"id":20095,"href":"https:\/\/www.nevadomarbella.com\/fr\/wp-json\/wp\/v2\/posts\/8963\/revisions\/20095"}],"wp:featuredmedia":[{"embeddable":true,"href":"https:\/\/www.nevadomarbella.com\/fr\/wp-json\/wp\/v2\/media\/8915"}],"wp:attachment":[{"href":"https:\/\/www.nevadomarbella.com\/fr\/wp-json\/wp\/v2\/media?parent=8963"}],"wp:term":[{"taxonomy":"category","embeddable":true,"href":"https:\/\/www.nevadomarbella.com\/fr\/wp-json\/wp\/v2\/categories?post=8963"},{"taxonomy":"post_tag","embeddable":true,"href":"https:\/\/www.nevadomarbella.com\/fr\/wp-json\/wp\/v2\/tags?post=8963"}],"curies":[{"name":"wp","href":"https:\/\/api.w.org\/{rel}","templated":true}]}}