{"id":8339,"date":"2021-09-10T17:50:40","date_gmt":"2021-09-10T15:50:40","guid":{"rendered":"https:\/\/www.nevadomarbella.com\/?p=8339"},"modified":"2024-10-31T16:47:55","modified_gmt":"2024-10-31T15:47:55","slug":"villas-a-la-merced-quartier-des-villas-a-marbella-centre","status":"publish","type":"post","link":"https:\/\/www.nevadomarbella.com\/fr\/8339-villas-a-la-merced-quartier-des-villas-a-marbella-centre.html","title":{"rendered":"Villas \u00e0 La Merced, Marbella centre"},"content":{"rendered":"\n<h2 class=\"wp-block-heading\"><span style=\"font-weight: 400;\">Villas \u00e0 La Merced, Marbella centre<\/span><\/h2>\n\n\n\n<p><span style=\"font-weight: 400;\">Villas \u00e0 La Merced, <a href=\"\/fr\/propriete-a-vendre-a-marbella-centre\/villas\" target=\"_blank\" rel=\"noreferrer noopener\">villas \u00e0 Marbella centre<\/a>. Il y a tr\u00e8s peu de zones r\u00e9sidentielles o\u00f9 l&rsquo;on peut avoir une villa dans le centre de Marbella. La Merced est l&rsquo;une d&rsquo;entre elles, une zone privil\u00e9gi\u00e9e situ\u00e9e entre le centre de Marbella et le Golden Mile.\u00a0<\/span><\/p>\n\n\n\n<h2 class=\"wp-block-heading\"><span style=\"font-weight: 400;\">Est-il possible de trouver une villa dans le centre de Marbella?<\/span><\/h2>\n\n\n\n<p><span style=\"font-weight: 400;\">Dans la zone de La Merced, nous pourrons profiter de notre villa dans un endroit tranquille, mais tr\u00e8s bien desservi. Loin du bruit des voitures et de l&rsquo;agitation, mais \u00e0 5 minutes \u00e0 pied de la promenade ou \u00e0 15 minutes de la vieille ville.<\/span><\/p>\n\n\n\n<p><span style=\"font-weight: 400;\">Un autre <\/span><a href=\"https:\/\/www.nevadomarbella.com\/fr\/8077-villa-a-huerta-belon-vivre-au-centre-ville-de-marbella.html\" target=\"_blank\" rel=\"noopener\"><span style=\"font-weight: 400;\">quartier central de villas est Huerta Bel\u00f3n<\/span><\/a><span style=\"font-weight: 400;\">, plus proche de la vieille ville et \u00e9galement proche de la promenade.<\/span><\/p>\n\n\n\n<h2 class=\"wp-block-heading\"><span style=\"font-weight: 400;\">O\u00f9 se trouve le quartier r\u00e9sidentiel de La Merced?<\/span><\/h2>\n\n\n\n<p><span style=\"font-weight: 400;\">La Merced est situ\u00e9e \u00e0 l&rsquo;ouest du centre ville de Marbella, \u00e0 c\u00f4t\u00e9 du \u00ab\u00a0Pirul\u00ed\u00a0\u00bb. Elle est \u00e0 la limite du centre de Marbella et du quartier r\u00e9sidentiel le plus luxueux de la ville, le Golden Mile. La plage est \u00e0 seulement 500 m\u00e8tres et certains des meilleurs h\u00f4tels et restaurants de la ville sont \u00e0 proximit\u00e9.<\/span><\/p>\n\n\n\n<figure class=\"wp-block-image aligncenter size-full wp-duotone-duotone-2\"><a href=\"https:\/\/vt.plushglobalmedia.com\/tour\/TT17S0L00H\" rel=\"noopener\" target=\"_blank\"><img decoding=\"async\" width=\"1920\" height=\"1280\" src=\"https:\/\/www.nevadomarbella.com\/wp-content\/uploads\/2021\/09\/villa-la-merced-nevado-realty-marbella.jpg\" alt=\"Villa \u00e0 La Merced, vue sur le jardin depuis la piscine\" class=\"wp-image-8334\" srcset=\"https:\/\/www.nevadomarbella.com\/wp-content\/uploads\/2021\/09\/villa-la-merced-nevado-realty-marbella.jpg 1920w, https:\/\/www.nevadomarbella.com\/wp-content\/uploads\/2021\/09\/villa-la-merced-nevado-realty-marbella-1536x1024.jpg 1536w\" sizes=\"(max-width: 1920px) 100vw, 1920px\" \/><\/a><figcaption class=\"wp-element-caption\">Villa \u00e0 La Merced, dans le centre de Marbella<\/figcaption><\/figure>\n\n\n\n<h2 class=\"wp-block-heading\"><span style=\"font-weight: 400;\">Quels sont les environs de La Merced?<\/span><\/h2>\n\n\n\n<p><span style=\"font-weight: 400;\">\u00c0 c\u00f4t\u00e9 de La Merced, nous trouvons d&rsquo;autres urbanisations ou b\u00e2timents prestigieux \u00e0 Marbella. Pavona Real, Guadalpark, El Capricho, Jardines del Pr\u00edncipe, le b\u00e2timent Golden, Alhambra del Mar et le b\u00e2timent Palacio de Congresos entourent La Merced.<\/span><\/p>\n\n\n\n<p><span style=\"font-weight: 400;\">Le haut niveau de ces b\u00e2timents et les urbanisations voisines font de cette zone un quartier tr\u00e8s prestigieux et s\u00fbr.<\/span><\/p>\n\n\n\n<h2 class=\"wp-block-heading\"><span style=\"font-weight: 400;\">O\u00f9 puis-je faire du sport pr\u00e8s de La Merced?<\/span><\/h2>\n\n\n\n<p><span style=\"font-weight: 400;\">Le <\/span><span style=\"font-weight: 400;\">Plaza del Mar Centro Wellness<\/span><span style=\"font-weight: 400;\"> est situ\u00e9 sur la promenade du front de mer. Pour les activit\u00e9s sportives en plein air, vous trouverez \u00e0 200 m\u00e8tres le parc Vigil de Qui\u00f1ones et le <\/span><span style=\"font-weight: 400;\">centre sportif Paco Cantos<\/span><span style=\"font-weight: 400;\">. Dans les deux, nous trouvons des espaces ouverts pour le jogging et le football, le football en salle, le basket-ball, le tennis, le padel&#8230; et m\u00eame un mur d&rsquo;escalade.<\/span><\/p>\n\n\n\n<p><span style=\"font-weight: 400;\">Si vous voulez vous promener, vous pouvez aller \u00e0 la promenade (\u00e0 500 m\u00e8tres). Ou \u00e0 la zone de Nag\u00fceles si l&rsquo;on pr\u00e9f\u00e8re aller \u00e0 la campagne.<\/span><\/p>\n\n\n\n<h2 class=\"wp-block-heading\"><span style=\"font-weight: 400;\">Y a-t-il des services pr\u00e8s de La Merced?<\/span><\/h2>\n\n\n\n<p><span style=\"font-weight: 400;\">\u00c0 moins de 200 m\u00e8tres, il y a deux supermarch\u00e9s, El Corte Ingl\u00e9s et Mercadona.<\/span><\/p>\n\n\n\n<p><span style=\"font-weight: 400;\">Si nous voulons acheter des v\u00eatements, nous pouvons nous rendre sur Ricardo Soriano, l&rsquo;avenue principale de la ville, qui se trouve \u00e0 100 m\u00e8tres. Quant aux centres commerciaux, nous trouverons<\/span><a href=\"https:\/\/www.lacanadashopping.com\/es\" target=\"_blank\" rel=\"noopener\"><span style=\"font-weight: 400;\"> La Ca\u00f1ada Shopping<\/span><\/a><span style=\"font-weight: 400;\"> et le <\/span><a href=\"https:\/\/www.centroscomerciales.elcorteingles.es\/centroscomerciales\/es\/eci\/centros\/centro-comercial-costa-marbella\" target=\"_blank\" rel=\"noopener\"><span style=\"font-weight: 400;\">Centro Comercial Costa Marbella<\/span><\/a><span style=\"font-weight: 400;\">, appartenant au groupe El Corte Ingl\u00e9s. Tous deux se trouvent respectivement \u00e0 5 et 10 minutes en voiture.&nbsp;<\/span><\/p>\n\n\n\n<p><span style=\"font-weight: 400;\">Vous trouverez \u00e9galement un Starbucks \u00e0 100 m\u00e8tres, o\u00f9 vous pourrez discuter avec vos amis tout en d\u00e9gustant un d\u00e9licieux caf\u00e9.&nbsp;<\/span><\/p>\n\n\n\n<h2 class=\"wp-block-heading\"><span style=\"font-weight: 400;\">Quel est le prix moyen d&rsquo;une villa \u00e0 La Merced?<\/span><\/h2>\n\n\n\n<p><span style=\"font-weight: 400;\">Nous pouvons trouver des villas \u00e0 vendre \u00e0 La Merced \u00e0 partir de 1.000.000\u20ac. En fonction de la taille du terrain, de la surface construite et de l&rsquo;\u00e9tat de la propri\u00e9t\u00e9, les prix peuvent varier. Nous trouverons des variations allant jusqu&rsquo;\u00e0 environ 40%.<\/span><\/p>\n\n\n\n<h2 class=\"wp-block-heading\"><span style=\"font-weight: 400;\">La Merced est-elle une zone s\u00fbre?<\/span><\/h2>\n\n\n\n<p><span style=\"font-weight: 400;\">Marbella est une zone s\u00fbre. Mais le quartier de La Merced, en raison de sa proximit\u00e9 avec l&rsquo;avenue principale, la promenade et le Golden Mile, est une zone encore plus prot\u00e9g\u00e9e.<\/span><\/p>\n\n\n\n<p><span style=\"font-weight: 400;\">En vivant dans ce quartier r\u00e9sidentiel, vous n&rsquo;aurez pas \u00e0 vous soucier de la s\u00e9curit\u00e9, car la protection est maximale dans cette zone. Des patrouilles de police passent constamment dans cette zone, que ce soit \u00e0 cheval, \u00e0 moto ou en voiture.<\/span><\/p>\n\n\n\n<h2 class=\"wp-block-heading\"><span style=\"font-weight: 400;\">Quels sont les restaurants, caf\u00e9s et h\u00f4tels pr\u00e8s de La Merced?<\/span><\/h2>\n\n\n\n<p><span style=\"font-weight: 400;\">Dans La Merced, sans avoir \u00e0 se d\u00e9placer, on trouve le <\/span><a href=\"https:\/\/www.restaurantelatirana.com\/\" target=\"_blank\" rel=\"noopener\"><span style=\"font-weight: 400;\">Restaurant La Tirana<\/span><\/a><span style=\"font-weight: 400;\">. Avec un charmant jardin andalou, ce restaurant de style m\u00e9diterran\u00e9en vous permettra de profiter d&rsquo;un agr\u00e9able d\u00eener presque sans sortir de chez vous.<\/span><\/p>\n\n\n\n<p><span style=\"font-weight: 400;\">Si vous avez envie de vous promener dans les environs, vous trouverez une multitude de restaurants de haut standing. Les meilleurs restaurants autour de La Merced :<\/span><\/p>\n\n\n\n<ul class=\"wp-block-list\">\n<li><a href=\"https:\/\/www.restaurantetakumi.com\/\" target=\"_blank\" rel=\"noopener\"><span style=\"font-weight: 400;\">Takumi Restaurant<\/span><\/a><span style=\"font-weight: 400;\">.<\/span><\/li>\n\n\n\n<li><a href=\"https:\/\/grupodanigarcia.com\/es\/restaurantes-lobito-de-mar\/lobito-de-mar-marbella\/?utm_source=GBUSINESS\" target=\"_blank\" rel=\"noopener\"><span style=\"font-weight: 400;\">Lobito de Mar<\/span><\/a><span style=\"font-weight: 400;\">.<\/span><\/li>\n\n\n\n<li><a href=\"https:\/\/www.tahinisushibar.com\/\" target=\"_blank\" rel=\"noopener\"><span style=\"font-weight: 400;\">Tahini Sushi Bar<\/span><\/a><span style=\"font-weight: 400;\">.<\/span><\/li>\n<\/ul>\n\n\n\n<p><span style=\"font-weight: 400;\">Pour un caf\u00e9 et\/ou un petit-d\u00e9jeuner, on peut aller chez Starbucks, \u00e0 moins d&rsquo;une minute. <\/span><a href=\"https:\/\/cafederonda.es\/\" target=\"_blank\" rel=\"noopener\"><span style=\"font-weight: 400;\">Caf\u00e9 de Ronda<\/span><\/a><span style=\"font-weight: 400;\"> ou <\/span><a href=\"https:\/\/www.cappuccinograndcafe.es\/es\/\" target=\"_blank\" rel=\"noopener\"><span style=\"font-weight: 400;\">Cappuccino Grand Cafe<\/span><\/a><span style=\"font-weight: 400;\"> sont d&rsquo;autres options si nous recherchons quelque chose de plus \u00e9l\u00e9gant.<\/span><\/p>\n\n\n\n<p><span style=\"font-weight: 400;\">En ce qui concerne les h\u00f4tels, juste en dessous de La Merced, \u00e0 seulement 250 m\u00e8tres, se trouve l&rsquo;h\u00f4tel Gran Meli\u00e1 Don Pepe. C&rsquo;est l&rsquo;un des h\u00f4tels historiques de Marbella, o\u00f9 vous trouverez de multiples options de restauration, une salle de sport, un spa, des courts de paddle et de tennis&#8230;<\/span><\/p>\n\n\n\n<h2 class=\"wp-block-heading\"><span style=\"font-weight: 400;\">La Merced est-elle un bon endroit pour une famille avec des enfants?<\/span><\/h2>\n\n\n\n<p><span style=\"font-weight: 400;\">En raison de sa proximit\u00e9 avec les parcs et les installations sportives, les supermarch\u00e9s et, surtout, les \u00e9coles, c&rsquo;est un quartier imbattable pour \u00e9lever des enfants.<\/span><\/p>\n\n\n\n<p><span style=\"font-weight: 400;\">\u00c0 moins de 200 m\u00e8tres, nous trouvons 2 \u00e9coles internationales, <\/span><a href=\"https:\/\/www.swansschoolinternational.es\/\" target=\"_blank\" rel=\"noopener\"><span style=\"font-weight: 400;\">l&rsquo;\u00e9cole internationale Swans<\/span><\/a><span style=\"font-weight: 400;\"> et <\/span><a href=\"https:\/\/efimarbella.com\/\" target=\"_blank\" rel=\"noopener\"><span style=\"font-weight: 400;\">l&rsquo;\u00e9cole internationale fran\u00e7aise de Marbella<\/span><\/a><span style=\"font-weight: 400;\">.<\/span><\/p>\n\n\n\n<p><span style=\"font-weight: 400;\">En outre, le centre sportif Paco Cantos, le parc Vigil de Qui\u00f1ones et la promenade sont \u00e0 moins de 5 minutes \u00e0 pied. Nos enfants ou petits-enfants auront toujours un endroit pour jouer.<\/span><\/p>\n\n\n\n<h2 class=\"wp-block-heading\"><span style=\"font-weight: 400;\">Comment acheter une villa \u00e0 La Merced?<\/span><\/h2>\n\n\n\n<p><span style=\"font-weight: 400;\">La Merced est un petit quartier r\u00e9sidentiel, l&rsquo;acc\u00e8s \u00e0 l&rsquo;une des villas peut donc \u00eatre tr\u00e8s difficile. L&rsquo;offre est tr\u00e8s limit\u00e9e alors que la demande est tr\u00e8s \u00e9lev\u00e9e.&nbsp;<\/span><\/p>\n\n\n\n<p><span style=\"font-weight: 400;\">Si vous voulez \u00eatre au courant de toute nouvelle propri\u00e9t\u00e9 \u00e0 vendre, nous vous recommandons de contacter Nevado Realty. Notre bureau est situ\u00e9 \u00e0 environ 300 m\u00e8tres de La Merced. \u00c9tant donn\u00e9 que nous sommes dans la r\u00e9gion depuis plus de 26 ans, la plupart des propri\u00e9taires nous connaissent et nous font confiance. C&rsquo;est pourquoi nous sommes g\u00e9n\u00e9ralement les premiers \u00e0 avoir acc\u00e8s \u00e0 toute propri\u00e9t\u00e9 qui arrive sur le march\u00e9.<\/span><\/p>\n\n\n\n<p><span style=\"font-weight: 400;\">Si vous \u00eates int\u00e9ress\u00e9, faites-le nous savoir et nos agents vous contacteront lorsqu&rsquo;une unit\u00e9 sera disponible. De cette fa\u00e7on, vous ne manquerez pas une opportunit\u00e9.<\/span><\/p>\n\n\n\n<p><span style=\"font-weight: 400;\">Si, d&rsquo;autre part, vous \u00eates propri\u00e9taire d&rsquo;une villa \u00e0 La Merced et que vous souhaitez une \u00e9valuation, n&rsquo;h\u00e9sitez pas \u00e0 nous contacter. Nous visiterons votre propri\u00e9t\u00e9 et vous donnerons une estimation de la valeur en fonction de l&rsquo;\u00e9tat de la propri\u00e9t\u00e9 et de l&rsquo;\u00e9volution du march\u00e9, le tout de mani\u00e8re totalement gratuite. <\/span><a href=\"https:\/\/www.nevadomarbella.com\/contactez-agents-immobiliers-marbella\/\" target=\"_blank\" rel=\"noopener\"><span style=\"font-weight: 400;\">Contactez nous<\/span><\/a><span style=\"font-weight: 400;\"> et prenez rendez-vous !<\/span><\/p>\n\n\n\n<p>&nbsp;<\/p>\n","protected":false},"excerpt":{"rendered":"<p>Villas \u00e0 La Merced, Marbella centre Villas \u00e0 La Merced, villas \u00e0 Marbella centre. Il y a tr\u00e8s peu de zones r\u00e9sidentielles o\u00f9 l&rsquo;on peut avoir une villa dans le centre de Marbella. La Merced est l&rsquo;une d&rsquo;entre elles, une zone privil\u00e9gi\u00e9e situ\u00e9e entre le centre de Marbella et le Golden Mile.\u00a0 Est-il possible de [&hellip;]<\/p>\n","protected":false},"author":3,"featured_media":8330,"comment_status":"closed","ping_status":"closed","sticky":false,"template":"","format":"standard","meta":{"_acf_changed":false,"footnotes":""},"categories":[465],"tags":[],"class_list":["post-8339","post","type-post","status-publish","format-standard","has-post-thumbnail","hentry","category-guidez-de-zona"],"acf":[],"_links":{"self":[{"href":"https:\/\/www.nevadomarbella.com\/fr\/wp-json\/wp\/v2\/posts\/8339","targetHints":{"allow":["GET"]}}],"collection":[{"href":"https:\/\/www.nevadomarbella.com\/fr\/wp-json\/wp\/v2\/posts"}],"about":[{"href":"https:\/\/www.nevadomarbella.com\/fr\/wp-json\/wp\/v2\/types\/post"}],"author":[{"embeddable":true,"href":"https:\/\/www.nevadomarbella.com\/fr\/wp-json\/wp\/v2\/users\/3"}],"replies":[{"embeddable":true,"href":"https:\/\/www.nevadomarbella.com\/fr\/wp-json\/wp\/v2\/comments?post=8339"}],"version-history":[{"count":1,"href":"https:\/\/www.nevadomarbella.com\/fr\/wp-json\/wp\/v2\/posts\/8339\/revisions"}],"predecessor-version":[{"id":19069,"href":"https:\/\/www.nevadomarbella.com\/fr\/wp-json\/wp\/v2\/posts\/8339\/revisions\/19069"}],"wp:featuredmedia":[{"embeddable":true,"href":"https:\/\/www.nevadomarbella.com\/fr\/wp-json\/wp\/v2\/media\/8330"}],"wp:attachment":[{"href":"https:\/\/www.nevadomarbella.com\/fr\/wp-json\/wp\/v2\/media?parent=8339"}],"wp:term":[{"taxonomy":"category","embeddable":true,"href":"https:\/\/www.nevadomarbella.com\/fr\/wp-json\/wp\/v2\/categories?post=8339"},{"taxonomy":"post_tag","embeddable":true,"href":"https:\/\/www.nevadomarbella.com\/fr\/wp-json\/wp\/v2\/tags?post=8339"}],"curies":[{"name":"wp","href":"https:\/\/api.w.org\/{rel}","templated":true}]}}