{"id":6758,"date":"2020-09-01T17:42:33","date_gmt":"2020-09-01T15:42:33","guid":{"rendered":"https:\/\/www.nevadomarbella.com\/?p=6758"},"modified":"2024-08-30T15:04:36","modified_gmt":"2024-08-30T13:04:36","slug":"le-luxe-de-vivre-a-los-cipreses-del-mar","status":"publish","type":"post","link":"https:\/\/www.nevadomarbella.com\/fr\/6758-le-luxe-de-vivre-a-los-cipreses-del-mar.html","title":{"rendered":"Le luxe de vivre \u00e0 Los Cipreses del Mar"},"content":{"rendered":"\n<h2 class=\"wp-block-heading\">Vivre dans les Cipreses del Mar<\/h2>\n\n\n\n<p><span style=\"font-weight: 400;\">D\u00e9couvrez les raisons pour lesquelles vivre dans les Cipreses del Mar est l&rsquo;option la plus demand\u00e9e. Surtout pour ceux qui veulent vivre dans le meilleur quartier du centre de Marbella avec une s\u00e9curit\u00e9 24h&nbsp;<\/span><span style=\"font-weight: 400;\"><br><\/span><span style=\"font-weight: 400;\"><br><\/span><span style=\"font-weight: 400;\">En tant que ville \u00e0 vivre,&nbsp; touristes tombent amoureuses de Marbella, qu&rsquo;ils soient de Bilbao, Madrid, Belgique, Angleterre &#8230; De nombreux touristes se soumettent aux charmes du joyau de la Costa del Sol et du sud de l&rsquo;Europe.<\/span><span style=\"font-weight: 400;\"><br><\/span><span style=\"font-weight: 400;\"><br><\/span><span style=\"font-weight: 400;\">Nombreux sont ceux qui commencent \u00e0 nous rendre visite en vacances et finissent par acqu\u00e9rir une r\u00e9sidence secondaire. Au fil du temps, ils finissent par en faire leur r\u00e9sidence principale pendant la majeure partie de l&rsquo;ann\u00e9e.<\/span><span style=\"font-weight: 400;\"><br><\/span><span style=\"font-weight: 400;\"><br><\/span><span style=\"font-weight: 400;\">Marbella n&rsquo;est pas une grande ville, quelque chose que ceux qui d\u00e9cident de vivre ici appr\u00e9cient positivement, mais ce n&rsquo;est pas non plus une petite ville. Et il existe de nombreuses diff\u00e9rences entre vivre sur le Golden Mile, Nueva Andaluc\u00eda ou Marbella Est.<\/span><span style=\"font-weight: 400;\"><br><\/span><span style=\"font-weight: 400;\"><br><\/span><span style=\"font-weight: 400;\">La qualit\u00e9 de vie est \u00e9lev\u00e9e dans tous les quartiers de la ville. Mais nous allons vous dire pourquoi vivre dans l&rsquo;urbanisation Cipreses del Mar est l&rsquo;option la plus demand\u00e9e.<\/span><span style=\"font-weight: 400;\"><br><\/span><span style=\"font-weight: 400;\"><br><\/span><span style=\"font-weight: 400;\">Vivre dans les Cipreses del Mar, options au choix:<\/span><\/p>\n\n\n\n<h3 class=\"wp-block-heading\">B\u00e2timent Mare Nostrum<\/h3>\n\n\n\n<p><span style=\"font-weight: 400;\">Il est situ\u00e9 sur le front de mer et est populairement connu comme \u00ab\u00a0la machine \u00e0 laver\u00a0\u00bb. Son design moderne, une sorte de d\u00f4me invers\u00e9 sur sa face nord et l&rsquo;ascenseur ext\u00e9rieur ont captiv\u00e9 les habitants. C&rsquo;est pourquoi dans les ann\u00e9es 90, ils l&rsquo;ont baptis\u00e9 avec ce surnom de tous les jours. Il est situ\u00e9 sur la premi\u00e8re ligne et a un acc\u00e8s direct \u00e0 la promenade.<\/span><\/p>\n\n\n\n<figure class=\"wp-block-image aligncenter size-thumbnail wp-image-6732 size-medium wp-duotone-duotone-2\"><img decoding=\"async\" width=\"510\" height=\"340\" src=\"https:\/\/www.nevadomarbella.com\/wp-content\/uploads\/2020\/08\/apartamento-en-primera-linea-de-playa-en-mare-nostrum-nevado-realty-marbella-1-510x340.jpg\" alt=\"\" class=\"wp-image-6732\" srcset=\"https:\/\/www.nevadomarbella.com\/wp-content\/uploads\/2020\/08\/apartamento-en-primera-linea-de-playa-en-mare-nostrum-nevado-realty-marbella-1-1536x1024.jpg 1536w, https:\/\/www.nevadomarbella.com\/wp-content\/uploads\/2020\/08\/apartamento-en-primera-linea-de-playa-en-mare-nostrum-nevado-realty-marbella-1.jpg 1620w\" sizes=\"(max-width: 510px) 100vw, 510px\" \/><figcaption class=\"wp-element-caption\">Appartement en bord de mer dans le b\u00e2timent Mare Nostrum.<\/figcaption><\/figure>\n\n\n\n<h3 class=\"wp-block-heading\">B\u00e2timent Nayade<\/h3>\n\n\n\n<p><span style=\"font-weight: 400;\">Situ\u00e9 sur la deuxi\u00e8me ligne, juste en face du b\u00e2timent Mare Nostrum, il se trouve \u00e0 seulement 50 m\u00e8tres de la Playa de la Fontanilla.<\/span><\/p>\n\n\n\n<figure class=\"wp-block-image aligncenter size-thumbnail wp-image-6729 size-medium wp-duotone-duotone-2\"><img decoding=\"async\" width=\"510\" height=\"268\" src=\"https:\/\/www.nevadomarbella.com\/wp-content\/uploads\/2020\/08\/apartamento-en-edificio-nayade-nevado-realty-marbella-1-510x268.jpg\" alt=\"\" class=\"wp-image-6729\" srcset=\"https:\/\/www.nevadomarbella.com\/wp-content\/uploads\/2020\/08\/apartamento-en-edificio-nayade-nevado-realty-marbella-1-1536x808.jpg 1536w, https:\/\/www.nevadomarbella.com\/wp-content\/uploads\/2020\/08\/apartamento-en-edificio-nayade-nevado-realty-marbella-1.jpg 1920w\" sizes=\"(max-width: 510px) 100vw, 510px\" \/><figcaption class=\"wp-element-caption\">Grand espace dans tous les <a href=\"https:\/\/www.nevadomarbella.com\/proprietes\/marbella-cipreses+del+mar\/?order=priced\" target=\"_blank\" rel=\"noopener noreferrer\">appartements du complexe Los Cipreses del Mar.<\/a><\/figcaption><\/figure>\n\n\n\n<h3 class=\"wp-block-heading\">B\u00e2timent\u00a0 Nereida &#8211; Poseid\u00f3n<\/h3>\n\n\n\n<p><span style=\"font-weight: 400;\">Situ\u00e9 dans le m\u00eame p\u00e2t\u00e9 de maisons que le b\u00e2timent N\u00e1yade, le complexe Nereida &#8211; Poseid\u00f3n partage un portail, des espaces communs et des jardins.<\/span><\/p>\n\n\n\n<figure class=\"wp-block-image aligncenter size-thumbnail wp-image-6723 size-medium wp-duotone-duotone-2\"><img decoding=\"async\" width=\"510\" height=\"340\" src=\"https:\/\/www.nevadomarbella.com\/wp-content\/uploads\/2020\/08\/apartamento-con-vistas-al-mar-y-orientacion-sur-en-edificio-nereidas-poseitdon-1-510x340.jpg\" alt=\"\" class=\"wp-image-6723\" srcset=\"https:\/\/www.nevadomarbella.com\/wp-content\/uploads\/2020\/08\/apartamento-con-vistas-al-mar-y-orientacion-sur-en-edificio-nereidas-poseitdon-1-1536x1024.jpg 1536w, https:\/\/www.nevadomarbella.com\/wp-content\/uploads\/2020\/08\/apartamento-con-vistas-al-mar-y-orientacion-sur-en-edificio-nereidas-poseitdon-1.jpg 1620w\" sizes=\"(max-width: 510px) 100vw, 510px\" \/><figcaption class=\"wp-element-caption\">Appartement dans le b\u00e2timent Nereida-Poseid\u00f3n<\/figcaption><\/figure>\n\n\n\n<h2 class=\"wp-block-heading\">Proche de la mer<span style=\"font-weight: 400;\">\u00a0<\/span><\/h2>\n\n\n\n<p><span style=\"font-weight: 400;\">Faites une baignade matinale dans la mer, promenez votre chien le long de la promenade ou prenez votre petit-d\u00e9jeuner au soleil par temps doux d&rsquo;hiver. Tout cela fait de la vie \u00e0 Los Cipreses del Mar un luxe.<\/span><span style=\"font-weight: 400;\"><br><\/span><span style=\"font-weight: 400;\"><br><\/span><span style=\"font-weight: 400;\">Vivre dans le b\u00e2timent Mare Nostrum, N\u00e1yade ou Nerida-Poseid\u00f3n vous fera voir la plage de Fontanilla comme une extension de votre maison. Soit \u00e0 cause des vues, soit \u00e0 cause de la possibilit\u00e9 d&rsquo;acc\u00e9der \u00e0 la mer en 2 minutes et sans prendre la voiture.<\/span><span style=\"font-weight: 400;\"><br><\/span><span style=\"font-weight: 400;\"><br><\/span><span style=\"font-weight: 400;\">Profitez du soleil et de la plage pendant les plus de 300 jours ensoleill\u00e9s qu&rsquo;offre la ville de Marbella .<\/span><\/p>\n\n\n\n<figure class=\"wp-block-image aligncenter size-thumbnail wp-image-6720 size-medium wp-duotone-duotone-2\"><img decoding=\"async\" width=\"510\" height=\"338\" src=\"https:\/\/www.nevadomarbella.com\/wp-content\/uploads\/2020\/08\/apartamento-con-vistas-al-mar-y-mas-de-350-metros-en-nereidas-poseidon-1-510x338.jpg\" alt=\"\" class=\"wp-image-6720\" srcset=\"https:\/\/www.nevadomarbella.com\/wp-content\/uploads\/2020\/08\/apartamento-con-vistas-al-mar-y-mas-de-350-metros-en-nereidas-poseidon-1-1536x1018.jpg 1536w, https:\/\/www.nevadomarbella.com\/wp-content\/uploads\/2020\/08\/apartamento-con-vistas-al-mar-y-mas-de-350-metros-en-nereidas-poseidon-1.jpg 1920w\" sizes=\"(max-width: 510px) 100vw, 510px\" \/><figcaption class=\"wp-element-caption\">Grenier de plus de 350 m\u00e8tres et grande terrasse<\/figcaption><\/figure>\n\n\n\n<h2 class=\"wp-block-heading\">Proche des services\u00a0<\/h2>\n\n\n\n<p><span style=\"font-weight: 400;\">L&rsquo;urbanisation Cipreses del Mar est situ\u00e9e \u00e0 c\u00f4t\u00e9 de la promenade dans le meilleur quartier du centre de Marbella.<\/span><span style=\"font-weight: 400;\"><br><\/span><span style=\"font-weight: 400;\"><br><\/span><span style=\"font-weight: 400;\">La quantit\u00e9 d&rsquo;entreprises et de services vous permettra d&rsquo;avoir tout ce dont vous avez besoin sans avoir \u00e0 conduire.<\/span><span style=\"font-weight: 400;\"><br><\/span><span style=\"font-weight: 400;\"><br><\/span><span style=\"font-weight: 400;\">A quelques m\u00e8tres nous trouvons:<\/span><span style=\"font-weight: 400;\"><br><\/span><\/p>\n\n\n\n<ul class=\"wp-block-list\">\n<li><span style=\"font-weight: 400;\">La promenade<\/span><\/li>\n\n\n\n<li><span style=\"font-weight: 400;\">Certains des meilleurs restaurants (comme <a href=\"https:\/\/www.restaurantetakumi.com\/\" target=\"_blank\" rel=\"noopener noreferrer\">Takumi<\/a>, <a href=\"http:\/\/www.losmellizos.net\/index.php?page=home&amp;address=7\" target=\"_blank\" rel=\"noopener noreferrer\">Los Mellizos<\/a>, <a href=\"https:\/\/www.tahinisushibar.com\/\" target=\"_blank\" rel=\"noopener noreferrer\">Tahini<\/a> &#8230;).<\/span><span style=\"font-weight: 400;\"><br><\/span><\/li>\n\n\n\n<li><span style=\"font-weight: 400;\">Caf\u00e9s comme <a href=\"https:\/\/www.cappuccinograndcafe.es\/es\/marbella\" target=\"_blank\" rel=\"noopener noreferrer\">Cappuccino<\/a> ou <a href=\"https:\/\/cafederonda.es\/\" target=\"_blank\" rel=\"noopener noreferrer\">Caf\u00e9 de Ronda.<\/a><\/span><span style=\"font-weight: 400;\"><br><\/span><\/li>\n\n\n\n<li><span style=\"font-weight: 400;\">Des \u00e9coles de haut niveau pour l&rsquo;\u00e9ducation de vos enfants telles que <a href=\"https:\/\/www.swansschoolinternational.es\/\" target=\"_blank\" rel=\"noopener noreferrer\">Swans International School<\/a> ou la <a href=\"https:\/\/bsm.org.es\/es\" target=\"_blank\" rel=\"noopener noreferrer\">Brittish International School<\/a> of <\/span><\/li>\n\n\n\n<li><span style=\"font-weight: 400;\">Marbella sont \u00e0 seulement 2 minutes. Emmenez votre enfant \u00e0 l&rsquo;\u00e9cole tous les jours pour une agr\u00e9able promenade.<\/span><span style=\"font-weight: 400;\"><br><\/span><\/li>\n\n\n\n<li><span style=\"font-weight: 400;\">Le centre commercial Plaza del Mar.<\/span><span style=\"font-weight: 400;\"><br><\/span><\/li>\n\n\n\n<li><span style=\"font-weight: 400;\">Gym et spa Centre de bien-\u00eatre Plaza del Mar.<\/span><span style=\"font-weight: 400;\"><br><\/span><\/li>\n\n\n\n<li><span style=\"font-weight: 400;\">Des supermarch\u00e9s comme Supercor ou Mercadona.<\/span><span style=\"font-weight: 400;\"><br><\/span><\/li>\n\n\n\n<li><span style=\"font-weight: 400;\">L&rsquo;un des meilleurs bars \u00e0 vin de Marbella, Casa Santi.&nbsp; &nbsp; &nbsp; &nbsp; &nbsp; &nbsp; &nbsp; &nbsp; &nbsp; &nbsp; &nbsp; &nbsp; &nbsp; &nbsp; &nbsp; &nbsp; &nbsp; &nbsp; &nbsp; &nbsp; &nbsp; &nbsp; &nbsp; &nbsp; &nbsp; &nbsp; &nbsp; &nbsp; &nbsp; &nbsp; &nbsp; &nbsp; &nbsp; &nbsp; &nbsp; &nbsp; <\/span><\/li>\n<\/ul>\n\n\n\n<p><span style=\"font-weight: 400;\">Si nous ne marchons qu&rsquo;environ cinq minutes, nous acc\u00e9dons rapidement \u00e0 la marina ou aux bars de plage comme le Trocadero Playa.<\/span><\/p>\n\n\n\n<h2 class=\"wp-block-heading\">Espace et qualit\u00e9 de construction<\/h2>\n\n\n\n<p><span style=\"font-weight: 400;\">Con\u00e7u pour profiter d&rsquo;une maison spacieuse, sans \u00e9troitesse, avec des finitions de qualit\u00e9. Tous comprennent une terrasse.<\/span><span style=\"font-weight: 400;\"><br><\/span><span style=\"font-weight: 400;\"><br><\/span><span style=\"font-weight: 400;\">Construit en 1990, cet ensemble de b\u00e2timents est l&rsquo;un des plus r\u00e9cents du centre de Marbella. La qualit\u00e9 des mat\u00e9riaux, l&rsquo;utilisation du marbre et son espace donnent aux maisons un standard de qualit\u00e9 tr\u00e8s \u00e9lev\u00e9<\/span><\/p>\n\n\n\n<h2 class=\"wp-block-heading\">Quartier magnifique et bien entretenu<\/h2>\n\n\n\n<figure class=\"wp-block-image alignleft size-thumbnail size-medium wp-image-6738 wp-duotone-duotone-2\"><img decoding=\"async\" width=\"510\" height=\"338\" src=\"https:\/\/www.nevadomarbella.com\/wp-content\/uploads\/2020\/08\/paseo-maritimo-junto-al-conjunto-cipreses-del-mar-1-510x338.jpg\" alt=\"\" class=\"wp-image-6738\" srcset=\"https:\/\/www.nevadomarbella.com\/wp-content\/uploads\/2020\/08\/paseo-maritimo-junto-al-conjunto-cipreses-del-mar-1-1536x1018.jpg 1536w, https:\/\/www.nevadomarbella.com\/wp-content\/uploads\/2020\/08\/paseo-maritimo-junto-al-conjunto-cipreses-del-mar-1.jpg 1630w\" sizes=\"(max-width: 510px) 100vw, 510px\" \/><figcaption class=\"wp-element-caption\">Promenade de Marbella pr\u00e8s de Mare Nostrum<\/figcaption><\/figure>\n\n\n\n<p><span style=\"font-weight: 400;\">\u00c9tant au centre de la vie sociale de Marbella, Mare Nostrum et Cipreses del Mar font l&rsquo;objet d&rsquo;une attention particuli\u00e8re.<\/span><span style=\"font-weight: 400;\"><br><\/span><span style=\"font-weight: 400;\"><br><\/span><span style=\"font-weight: 400;\">De vastes jardins bien entretenus et une pr\u00e9sence polici\u00e8re toujours \u00e0 port\u00e9e de main conf\u00e8rent \u00e0 la r\u00e9gion une grande beaut\u00e9 et une grande tranquillit\u00e9. Pour profiter non seulement de votre maison, mais aussi de votre quartier. Pas de soucis<\/span><\/p>\n\n\n\n<h2 class=\"wp-block-heading\">Pr\u00e8s de tout<\/h2>\n\n\n\n<figure class=\"wp-block-image alignright size-thumbnail wp-image-6735 size-medium wp-duotone-duotone-2\"><img decoding=\"async\" width=\"510\" height=\"383\" src=\"https:\/\/www.nevadomarbella.com\/wp-content\/uploads\/2020\/08\/paseo-maritimo-en-la-zona-de-puente-romano-muy-cercano-al-conjunto-cipreses-del-mar-1-510x383.jpg\" alt=\"\" class=\"wp-image-6735\" srcset=\"https:\/\/www.nevadomarbella.com\/wp-content\/uploads\/2020\/08\/paseo-maritimo-en-la-zona-de-puente-romano-muy-cercano-al-conjunto-cipreses-del-mar-1-1536x1152.jpg 1536w, https:\/\/www.nevadomarbella.com\/wp-content\/uploads\/2020\/08\/paseo-maritimo-en-la-zona-de-puente-romano-muy-cercano-al-conjunto-cipreses-del-mar-1-187x140.jpg 187w, https:\/\/www.nevadomarbella.com\/wp-content\/uploads\/2020\/08\/paseo-maritimo-en-la-zona-de-puente-romano-muy-cercano-al-conjunto-cipreses-del-mar-1.jpg 1920w\" sizes=\"(max-width: 510px) 100vw, 510px\" \/><figcaption class=\"wp-element-caption\">Promenade de Marbella dans le quartier de <a href=\"https:\/\/www.puenteromano.com\/es\/\" target=\"_blank\" rel=\"noopener noreferrer\">l&rsquo;h\u00f4tel Puente Romano<\/a>, de <a href=\"https:\/\/www.marbellaclub.com\/es\" target=\"_blank\" rel=\"noopener noreferrer\">l&rsquo;h\u00f4tel Marbella Club<\/a> et du Gran Meli\u00e1 Don Pepe, \u00e0 seulement 5 minutes de Cipreses del Mar<\/figcaption><\/figure>\n\n\n\n<p><span style=\"font-weight: 400;\">Avez-vous besoin d&rsquo;un acc\u00e8s facile au centre de Marbella, \u00e0 Puerto Banus ou \u00e0 l&rsquo;autoroute? En raison de son emplacement \u00e0 proximit\u00e9 de Ricardo Soriano, nous pouvons nous rendre au centre de Marbella en quelques minutes \u00e0 pied.<\/span><span style=\"font-weight: 400;\"><br><\/span><span style=\"font-weight: 400;\"><br><\/span><span style=\"font-weight: 400;\">Si nous voulons aller \u00e0 Puerto Banus, en cinq minutes en voiture, nous profiterons du luxe et du glamour du port le plus c\u00e9l\u00e8bre d&rsquo;Espagne.<\/span><span style=\"font-weight: 400;\"><br><\/span><span style=\"font-weight: 400;\"><br><\/span><span style=\"font-weight: 400;\">En plus de la proximit\u00e9 au niveau local, Marbella est \u00e9galement tr\u00e8s bien plac\u00e9e au niveau provincial et r\u00e9gional. Si nous voulons mieux conna\u00eetre la r\u00e9gion, nous pouvons visiter de charmantes villes comme Estepona, Manilva ou Mijas en moins de 30 minutes.<\/span><span style=\"font-weight: 400;\"><br><\/span><span style=\"font-weight: 400;\"><br><\/span><span style=\"font-weight: 400;\">Si nous voulons visiter les villes les plus populaires d&rsquo;Andalousie, nous pouvons en trouver de tr\u00e8s pr\u00e8s.<\/span><\/p>\n\n\n\n<h2 class=\"wp-block-heading\">Service de s\u00e9curit\u00e9 et de conciergerie 24h<span style=\"font-weight: 400;\">\u00a0<\/span><\/h2>\n\n\n\n<p><span style=\"font-weight: 400;\">Se sentir en s\u00e9curit\u00e9! Mare Nostrum et Cipreses del Mar sont tous deux con\u00e7us pour r\u00e9pondre aux besoins des propri\u00e9taires les plus exigeants. C&rsquo;est pourquoi ils incluent un service de s\u00e9curit\u00e9 24h , vous n&rsquo;avez donc qu&rsquo;\u00e0 vous soucier de vous amuser.<\/span><\/p>\n\n\n\n<p><span style=\"font-weight: 400;\">Ne perdez aucun colis. Le service de conciergerie vous aidera dans toutes les t\u00e2ches dont vous avez besoin. Stockage des cl\u00e9s, remise des courriers, contr\u00f4le des personnes \u00e0 la sant\u00e9 d\u00e9licate ou des personnes \u00e0 charge &#8230;<\/span><span style=\"font-weight: 400;\"><br><\/span><span style=\"font-weight: 400;\"><br><\/span><span style=\"font-weight: 400;\">Maintenant, vous comprenez s\u00fbrement mieux pourquoi Mare Nostrum, N\u00e1yade et Cipreses del Mar sont si appr\u00e9ci\u00e9s. Voudriez-vous vivre \u00e0 Los Cipreses del Mar? Appelez nous!<\/span><\/p>\n","protected":false},"excerpt":{"rendered":"<p>Vivre dans les Cipreses del Mar D\u00e9couvrez les raisons pour lesquelles vivre dans les Cipreses del Mar est l&rsquo;option la plus demand\u00e9e. Surtout pour ceux qui veulent vivre dans le meilleur quartier du centre de Marbella avec une s\u00e9curit\u00e9 24h&nbsp;En tant que ville \u00e0 vivre,&nbsp; touristes tombent amoureuses de Marbella, qu&rsquo;ils soient de Bilbao, Madrid, [&hellip;]<\/p>\n","protected":false},"author":3,"featured_media":6740,"comment_status":"closed","ping_status":"closed","sticky":false,"template":"","format":"standard","meta":{"_acf_changed":false,"footnotes":""},"categories":[465],"tags":[],"class_list":["post-6758","post","type-post","status-publish","format-standard","has-post-thumbnail","hentry","category-guidez-de-zona"],"acf":[],"_links":{"self":[{"href":"https:\/\/www.nevadomarbella.com\/fr\/wp-json\/wp\/v2\/posts\/6758","targetHints":{"allow":["GET"]}}],"collection":[{"href":"https:\/\/www.nevadomarbella.com\/fr\/wp-json\/wp\/v2\/posts"}],"about":[{"href":"https:\/\/www.nevadomarbella.com\/fr\/wp-json\/wp\/v2\/types\/post"}],"author":[{"embeddable":true,"href":"https:\/\/www.nevadomarbella.com\/fr\/wp-json\/wp\/v2\/users\/3"}],"replies":[{"embeddable":true,"href":"https:\/\/www.nevadomarbella.com\/fr\/wp-json\/wp\/v2\/comments?post=6758"}],"version-history":[{"count":1,"href":"https:\/\/www.nevadomarbella.com\/fr\/wp-json\/wp\/v2\/posts\/6758\/revisions"}],"predecessor-version":[{"id":16202,"href":"https:\/\/www.nevadomarbella.com\/fr\/wp-json\/wp\/v2\/posts\/6758\/revisions\/16202"}],"wp:featuredmedia":[{"embeddable":true,"href":"https:\/\/www.nevadomarbella.com\/fr\/wp-json\/wp\/v2\/media\/6740"}],"wp:attachment":[{"href":"https:\/\/www.nevadomarbella.com\/fr\/wp-json\/wp\/v2\/media?parent=6758"}],"wp:term":[{"taxonomy":"category","embeddable":true,"href":"https:\/\/www.nevadomarbella.com\/fr\/wp-json\/wp\/v2\/categories?post=6758"},{"taxonomy":"post_tag","embeddable":true,"href":"https:\/\/www.nevadomarbella.com\/fr\/wp-json\/wp\/v2\/tags?post=6758"}],"curies":[{"name":"wp","href":"https:\/\/api.w.org\/{rel}","templated":true}]}}