{"id":21287,"date":"2026-01-21T12:51:49","date_gmt":"2026-01-21T11:51:49","guid":{"rendered":"https:\/\/www.nevadomarbella.com\/21287-buying-a-house-in-la-virginia-is-buying-a-piece-of-marbellas-history.html"},"modified":"2026-01-21T16:33:29","modified_gmt":"2026-01-21T15:33:29","slug":"acheter-une-maison-a-la-virginia-cest-acheter-un-morceau-de-lhistoire-de-marbella","status":"publish","type":"post","link":"https:\/\/www.nevadomarbella.com\/fr\/21287-acheter-une-maison-a-la-virginia-cest-acheter-un-morceau-de-lhistoire-de-marbella.html","title":{"rendered":"Acheter une maison \u00e0 La Virginia, c&rsquo;est acheter un morceau de l&rsquo;histoire de Marbella"},"content":{"rendered":"\n<p>Pourquoi acheter une maison \u00e0 La Virginia est-il si sp\u00e9cial ? Souvent, lorsque nous envisageons d&rsquo;acheter une propri\u00e9t\u00e9 \u00e0 Marbella, nous nous laissons emporter par les m\u00e8tres carr\u00e9s, les vues panoramiques ou les lignes modernes. Cependant, il existe un <strong>endroit o\u00f9 la valeur ne se mesure pas en superficie, mais en histoire, en art et en sensations<\/strong>. Il s&rsquo;agit de La Virginia, un lotissement r\u00e9sidentiel qui n&rsquo;est pas seulement un ensemble de maisons, mais une enclave qui pr\u00e9serve l&rsquo;\u00e2me de <strong>Marbella dans sa forme la plus pure<\/strong>.<\/p>\n\n\n\n<p>Il existe des lotissements embl\u00e9matiques \u00e0 Marbella, mais peu pr\u00e9servent l&rsquo;\u00e2me andalouse aussi intacte que La Virginia. Ce complexe r\u00e9sidentiel, con\u00e7u par l&rsquo;architecte Donald Gray dans les ann\u00e9es 1960, <strong>a \u00e9t\u00e9 imagin\u00e9 comme un petit village blanc nich\u00e9 au milieu de jardins, de places avec des fontaines et des orangers, et de rues \u00e9troites qui invitent \u00e0 la fl\u00e2nerie<\/strong>. Ici, chaque maison est diff\u00e9rente : fa\u00e7ades irr\u00e9guli\u00e8res, balcons fleuris de bougainvilliers, balustrades artisanales et coins qui semblent arr\u00eater le temps. C&rsquo;est ce caract\u00e8re, plut\u00f4t que la superficie, qui explique sa valeur.<br><\/p>\n\n\n\n<h2 class=\"wp-block-heading\"><strong>Une oasis con\u00e7ue par Donald Gray<\/strong><\/h2>\n\n\n\n<p>Le complexe a \u00e9t\u00e9 con\u00e7u dans les ann\u00e9es 1960 par l&rsquo;architecte visionnaire Donald Gray, qui a re\u00e7u en 2015 le prestigieux prix Rafael Manzano pour la nouvelle architecture traditionnelle. Gray a d\u00e9laiss\u00e9 les gratte-ciel et les constructions de masse au profit d&rsquo;un refuge \u00e0 taille humaine. Son objectif \u00e9tait de reproduire l&rsquo;essence des \u00ab villages blancs \u00bb d&rsquo;Andalousie, en s&rsquo;inspirant de l&rsquo;architecture vernaculaire de la vall\u00e9e du Genal.<\/p>\n\n\n\n<p>Comme le savent bien les experts, La Virginia (avec Las Lomas Pueblo) est le seul endroit de Marbella o\u00f9 cette architecture traditionnelle andalouse est pr\u00e9serv\u00e9e avec une telle fid\u00e9lit\u00e9. En fait, la valeur historique et artistique du complexe est telle que le conseil municipal envisage de le classer afin de prot\u00e9ger son caract\u00e8re unique.<\/p>\n\n\n\n<p>Marbella a publiquement reconnu la contribution de Gray \u00e0 l&rsquo;enrichissement du patrimoine artistique local avec un complexe qui est aujourd&rsquo;hui cit\u00e9 comme un exemple remarquable de l&rsquo;architecture traditionnelle andalouse.<\/p>\n\n\n\n<h2 class=\"wp-block-heading\"><strong>Plus qu&rsquo;un lotissement, un style de vie<\/strong><\/h2>\n\n\n\n<p>Entrer \u00e0 La Virginia, c&rsquo;est laisser derri\u00e8re soi le bruit et le bitume. En se promenant dans ses rues pav\u00e9es, aussi \u00e9troites et accueillantes que celles d&rsquo;un vieux village, <strong>on oublie la voiture et la montre<\/strong>.<\/p>\n\n\n\n<p>Le v\u00e9ritable luxe ici r\u00e9side dans les d\u00e9tails qui composent son atmosph\u00e8re unique :<\/p>\n\n\n\n<ul class=\"wp-block-list\">\n<li>&nbsp;&nbsp;&nbsp;&nbsp;&nbsp;&nbsp;&nbsp;&nbsp;&nbsp;&nbsp;&nbsp;&nbsp; <strong>Les places<\/strong> : des lieux de rencontre agr\u00e9ment\u00e9s de fontaines murmurantes et d&rsquo;orangers qui parfument l&rsquo;air.<\/li>\n\n\n\n<li>&nbsp;&nbsp;&nbsp;&nbsp;&nbsp;&nbsp;&nbsp;&nbsp;&nbsp;&nbsp;&nbsp;&nbsp; <strong>La chapelle<\/strong> : peu de lotissements peuvent se vanter d&rsquo;avoir leur propre chapelle, symbole de communaut\u00e9 et de tradition.<\/li>\n\n\n\n<li>&nbsp;&nbsp;&nbsp;&nbsp;&nbsp;&nbsp;&nbsp;&nbsp;&nbsp;&nbsp;&nbsp;&nbsp; <strong>Le charme \u00ab gastro \u00bb<\/strong> : la r\u00e9gion rec\u00e8le des joyaux gastronomiques et des coins de carte postale \u00e9clair\u00e9s par des lanternes anciennes qui cr\u00e9ent des nuits magiques.<\/li>\n\n\n\n<li>&nbsp;&nbsp;&nbsp;&nbsp;&nbsp;&nbsp;&nbsp;&nbsp;&nbsp;&nbsp;&nbsp;&nbsp; Des traditions vivantes : c&rsquo;est le th\u00e9\u00e2tre d&rsquo;\u00e9v\u00e9nements aussi attachants que son c\u00e9l\u00e8bre <strong>march\u00e9 de No\u00ebl<\/strong>, qui attire chaque ann\u00e9e en d\u00e9cembre des visiteurs en qu\u00eate de cette chaleur domestique qui manque aux constructions modernes.<\/li>\n<\/ul>\n\n\n\n<h2 class=\"wp-block-heading\"><strong>Un \u00ab village \u00bb au sein de la Golden Mile<\/strong><\/h2>\n\n\n\n<figure class=\"wp-block-image size-full wp-duotone-duotone-2\"><img decoding=\"async\" width=\"1920\" height=\"1280\" src=\"https:\/\/www.nevadomarbella.com\/wp-content\/uploads\/2026\/01\/la-virginia-marbella-calle-y-fuente.webp\" alt=\"Rue et fontaine \u00e0 La Virginia\" class=\"wp-image-21271\"\/><\/figure>\n\n\n\n<p>Se promener dans La Virginia, c&rsquo;est d\u00e9couvrir <strong>des petites places cach\u00e9es, des lanternes anciennes, une chapelle coquette et des coins dignes d&rsquo;une carte postale<\/strong>. La presse sp\u00e9cialis\u00e9e la d\u00e9crit comme un endroit o\u00f9 l&rsquo;on <strong>d\u00eene parmi les jasmins, o\u00f9 l&rsquo;on discute au frais et o\u00f9 l&rsquo;on vit \u00e0 un autre rythme<\/strong>, loin du bruit, sans renoncer \u00e0 l&#8217;emplacement privil\u00e9gi\u00e9 de Marbella.<\/p>\n\n\n\n<p>M\u00eame au niveau urbanistique, son am\u00e9nagement a retenu l&rsquo;attention des institutions en raison de son caract\u00e8re unique dans le patrimoine contemporain de Marbella, renfor\u00e7ant l&rsquo;id\u00e9e qu&rsquo;il ne s&rsquo;agit pas seulement d&rsquo;un endroit agr\u00e9able, mais d&rsquo;un bien culturel \u00e0 l&rsquo;am\u00e9nagement singulier.<\/p>\n\n\n\n<h2 class=\"wp-block-heading\"><strong>Acheter un morceau d&rsquo;histoire<\/strong><\/h2>\n\n\n\n<p>Nos clients sont parfois surpris par la taille des logements par rapport \u00e0 leur prix. Notre r\u00e9ponse chez Inmobiliaria Nevado est toujours la m\u00eame : \u00e0 La Virginia, chaque maison est unique.<\/p>\n\n\n\n<p><br>Il n&rsquo;y a pas deux propri\u00e9t\u00e9s identiques. Chaque recoin a ses particularit\u00e9s, ses imperfections charmantes et sa propre personnalit\u00e9. Vivre ici, c&rsquo;est poss\u00e9der un fragment de l&rsquo;histoire de l&rsquo;urbanisme m\u00e9diterran\u00e9en, un privil\u00e8ge de plus en plus rare.<\/p>\n\n\n\n<h2 class=\"wp-block-heading\"><strong>Une invitation \u00e0 la d\u00e9couvrir (de la bonne mani\u00e8re)<\/strong><\/h2>\n\n\n\n<p>Le charme ne se mesure pas en superficie, mais en exp\u00e9rience : <strong>se r\u00e9veiller avec le parfum des fleurs d&rsquo;oranger, croiser ses voisins sur la place, aller \u00e0 la chapelle ou profiter du march\u00e9 de No\u00ebl, une tradition qui renforce le sentiment d&rsquo;appartenance \u00e0 la communaut\u00e9.<\/strong><\/p>\n\n\n\n<p>\u00c0 La Virginia, chaque maison est unique. Il n&rsquo;y a pas deux propri\u00e9t\u00e9s identiques. Chaque recoin a ses particularit\u00e9s, ses imperfections charmantes et sa propre personnalit\u00e9. Vivre ici, c&rsquo;est poss\u00e9der un fragment de l&rsquo;histoire de l&rsquo;urbanisme m\u00e9diterran\u00e9en, un privil\u00e8ge de plus en plus rare.<\/p>\n\n\n\n<p>L&rsquo;\u00e9quipe Nevado vous invite \u00e0 <strong>ne pas juger La Virginia sur ses acc\u00e8s ext\u00e9rieurs asphalt\u00e9s. Pour comprendre sa magie, il faut s&rsquo;y promener<\/strong>. Il faut se perdre dans ses places, \u00e9couter l&rsquo;eau de ses fontaines et ressentir la tranquillit\u00e9 de ses murs blanchis \u00e0 la chaux.<\/p>\n\n\n\n<p>Si vous recherchez une maison standard, ce n&rsquo;est pas ici que vous la trouverez. Mais si vous <strong>recherchez une maison avec une \u00e2me, un havre de paix et un investissement dans l&rsquo;art et la culture, venez visiter La Virginia avec nous<\/strong>. Nous vous promettons qu&rsquo;apr\u00e8s la visite, vous comprendrez la valeur inestimable qui se cache derri\u00e8re chaque porte.<\/p>\n\n\n\n<h2 class=\"wp-block-heading\"><strong>Pourquoi son prix se justifie au-del\u00e0 de la superficie<\/strong><\/h2>\n\n\n\n<p>La Virginia <strong>ne rivalise pas en termes de m\u00e8tres carr\u00e9s, mais en termes de caract\u00e8re<\/strong>. Les aspects qui augmentent la valeur de cette magnifique urbanisation :<\/p>\n\n\n\n<ul class=\"wp-block-list\">\n<li>&nbsp;&nbsp;&nbsp;&nbsp;&nbsp;&nbsp;&nbsp;&nbsp;&nbsp;&nbsp;&nbsp; <strong>Raret\u00e9 r\u00e9elle<\/strong> : peu d&rsquo;unit\u00e9s et forte demande pour un produit authentique, de plus en plus recherch\u00e9 apr\u00e8s l&rsquo;essor des logements modernes aux lignes droites.<\/li>\n\n\n\n<li>&nbsp;&nbsp;&nbsp;&nbsp;&nbsp;&nbsp;&nbsp;&nbsp;&nbsp;&nbsp;&nbsp;<strong>Patrimoine et singularit\u00e9<\/strong> : un ensemble reconnaissable et appr\u00e9ci\u00e9 pour sa coh\u00e9rence esth\u00e9tique.<\/li>\n\n\n\n<li>&nbsp;&nbsp;&nbsp;&nbsp;&nbsp;&nbsp;&nbsp;&nbsp;&nbsp;&nbsp;&nbsp;<strong>Emplacement strat\u00e9gique<\/strong> : tranquillit\u00e9 sans renoncer au centre de Marbella, \u00e0 la Milla de Oro, \u00e0 la plage et aux services..<\/li>\n\n\n\n<li>&nbsp;&nbsp;&nbsp;&nbsp;&nbsp;&nbsp;&nbsp;&nbsp;&nbsp;&nbsp;&nbsp;<strong>Qualit\u00e9 de vie<\/strong> : \u00e9chelle pi\u00e9tonne, vie de place et de communaut\u00e9.<\/li>\n\n\n\n<li>&nbsp;&nbsp;&nbsp;&nbsp;&nbsp;&nbsp;&nbsp;&nbsp;&nbsp;&nbsp;&nbsp;<strong>Maintien de la valeur \u00e0 long terme<\/strong> et exp\u00e9rience r\u00e9sidentielle qui transcende le plan..<\/li>\n<\/ul>\n\n\n\n<h2 class=\"wp-block-heading\"><strong>Vie quotidienne : ce que l&rsquo;on ne voit pas sur les plans<\/strong><\/h2>\n\n\n\n<p>Quel style de vie pouvons-nous attendre \u00e0 La Virginia :<\/p>\n\n\n\n<ul class=\"wp-block-list\">\n<li>&nbsp;&nbsp;&nbsp;&nbsp;&nbsp;&nbsp;&nbsp;&nbsp;&nbsp;&nbsp;&nbsp;&nbsp;<strong>Matin\u00e9es tranquilles <\/strong>avec caf\u00e9 sur la petite place.<\/li>\n\n\n\n<li>&nbsp;&nbsp;&nbsp;&nbsp;&nbsp;&nbsp;&nbsp;&nbsp;&nbsp;&nbsp;&nbsp; <strong>Conversations \u00e0 l&rsquo;air libre<\/strong> sous les orangers.<\/li>\n\n\n\n<li>&nbsp;&nbsp;&nbsp;&nbsp;&nbsp;&nbsp;&nbsp;&nbsp;&nbsp;&nbsp;&nbsp;&nbsp;<strong>Ateliers, rencontres entre voisins<\/strong> et un agenda de petites traditions.<\/li>\n\n\n\n<li>&nbsp;&nbsp;&nbsp;&nbsp;&nbsp;&nbsp;&nbsp;&nbsp;&nbsp;&nbsp;&nbsp;&nbsp;<strong>Photographie et promenades au coucher du soleil<\/strong> : lumi\u00e8re et textures qui changent \u00e0 chaque saison.<\/li>\n<\/ul>\n\n\n\n<figure class=\"wp-block-image size-full wp-duotone-duotone-2\"><img decoding=\"async\" width=\"1920\" height=\"1280\" src=\"https:\/\/www.nevadomarbella.com\/wp-content\/uploads\/2026\/01\/la-virginia-marbella-fuente.webp\" alt=\"Fontaine \u00e0 La Virginia\" class=\"wp-image-21275\"\/><\/figure>\n\n\n\n<div class=\"wp-block-group has-global-padding is-layout-constrained wp-block-group-is-layout-constrained\">\n<div class=\"wp-block-group has-global-padding is-layout-constrained wp-block-group-is-layout-constrained\">\n<details class=\"wp-block-details is-layout-flow wp-block-details-is-layout-flow\"><summary>Qu&rsquo;est-ce qui rend La Virginia unique ?<\/summary>\n<hr class=\"wp-block-separator has-text-color has-base-color has-alpha-channel-opacity has-base-background-color has-background\"\/>\n\n\n\n<p>Son design unitaire inspir\u00e9 des villages blancs, avec des maisons uniques et une chapelle qui lui conf\u00e8re son identit\u00e9.<\/p>\n<\/details>\n\n\n\n<hr class=\"wp-block-separator has-text-color has-base-color has-alpha-channel-opacity has-base-background-color has-background\"\/>\n<\/div>\n\n\n\n<div class=\"wp-block-group has-global-padding is-layout-constrained wp-block-group-is-layout-constrained\">\n<details class=\"wp-block-details is-layout-flow wp-block-details-is-layout-flow\"><summary>La Virginia est-elle bien desservie ?<\/summary>\n<hr class=\"wp-block-separator has-text-color has-base-color has-alpha-channel-opacity has-base-background-color has-background\"\/>\n\n\n\n<p>YOui. Elle allie tranquillit\u00e9 et proximit\u00e9 des <strong>services, des plages et du centre de Marbella, de la Milla de Oro et de Puerto Ban\u00fas<\/strong>.<\/p>\n<\/details>\n\n\n\n<hr class=\"wp-block-separator has-text-color has-base-color has-alpha-channel-opacity has-base-background-color has-background\"\/>\n<\/div>\n\n\n\n<div class=\"wp-block-group has-global-padding is-layout-constrained wp-block-group-is-layout-constrained\">\n<details class=\"wp-block-details is-layout-flow wp-block-details-is-layout-flow\"><summary>Pourquoi certaines petites maisons \u00e0 La Virginia ont-elles des prix \u00e9lev\u00e9s ?<\/summary>\n<hr class=\"wp-block-separator has-text-color has-base-color has-alpha-channel-opacity has-base-background-color has-background\"\/>\n\n\n\n<p>Parce que leur valeur r\u00e9side dans <strong>leur emplacement, leur ensemble architectural et l&rsquo;exp\u00e9rience<\/strong> de vivre dans un lieu historique.<\/p>\n<\/details>\n\n\n\n<hr class=\"wp-block-separator has-text-color has-base-color has-alpha-channel-opacity has-base-background-color has-background\"\/>\n<\/div>\n\n\n\n<div class=\"wp-block-group has-global-padding is-layout-constrained wp-block-group-is-layout-constrained\">\n<details class=\"wp-block-details is-layout-flow wp-block-details-is-layout-flow\"><summary>La Virginia est-elle adapt\u00e9e pour y r\u00e9sider toute l&rsquo;ann\u00e9e ?<\/summary>\n<hr class=\"wp-block-separator has-text-color has-base-color has-alpha-channel-opacity has-base-background-color has-background\"\/>\n\n\n\n<p>Oui. Son \u00e9chelle pi\u00e9tonne, sa communaut\u00e9 et son acc\u00e8s facile aux services en font un lieu id\u00e9al pour y r\u00e9sider toute l&rsquo;ann\u00e9e.<\/p>\n<\/details>\n\n\n\n<hr class=\"wp-block-separator has-text-color has-base-color has-alpha-channel-opacity has-base-background-color has-background\"\/>\n<\/div>\n\n\n\n<div class=\"wp-block-group has-global-padding is-layout-constrained wp-block-group-is-layout-constrained\">\n<details class=\"wp-block-details is-layout-flow wp-block-details-is-layout-flow\"><summary>Existe-t-il un produit similaire \u00e0 La Virginia \u00e0 Marbella ?<\/summary>\n<hr class=\"wp-block-separator has-text-color has-base-color has-alpha-channel-opacity has-base-background-color has-background\"\/>\n\n\n\n<p>Seulement de mani\u00e8re tr\u00e8s ponctuelle (<strong>Las Lomas Pueblo<\/strong> partage la m\u00eame philosophie), mais l&rsquo;identit\u00e9 de La Virginia est unique.<\/p>\n<\/details>\n\n\n\n<hr class=\"wp-block-separator has-text-color has-base-color has-alpha-channel-opacity has-base-background-color has-background\"\/>\n<\/div>\n<\/div>\n\n\n\n<section class=\"wp-block-group jaleo-properties-grid is-layout-flow wp-block-group-is-layout-flow\" style=\"margin-top:0;margin-bottom:var(--wp--preset--spacing--60);padding-right:var(--wp--preset--spacing--50);padding-left:var(--wp--preset--spacing--50)\">\n<h2 class=\"wp-block-heading has-text-align-center\" style=\"padding-right:var(--wp--preset--spacing--20);padding-left:var(--wp--preset--spacing--20)\">Derni\u00e8res propri\u00e9t\u00e9s \u00e0 vendre \u00e0 La Virginia<\/h2>\n\n\n\n<p class=\"has-text-align-center\" style=\"padding-right:var(--wp--preset--spacing--20);padding-left:var(--wp--preset--spacing--20)\">D\u00e9couvrez nos derni\u00e8res annonces immobili\u00e8res dans ce magnifique lotissement, tr\u00e8s pris\u00e9 des amateurs d&rsquo;architecture traditionnelle.<\/p>\n\n\n\n<div class=\"wp-block-group is-layout-flow wp-block-group-is-layout-flow\" style=\"margin-top:var(--wp--preset--spacing--30);padding-top:0;padding-right:0;padding-bottom:0;padding-left:0\">\t<div id=\"wpb__style_container\" class=\"wpb--container\">\r\n\t\t<div class=\"wpb--card-container\">\r\n\t\t\t<div class=\"wpb--card\">\n\t<div class=\"wpb--aspect-box wpb--panoramic\">\n\t\t<a class=\"wpb--stretched-link\" href=\"\/fr\/propriete\/vente-la-virginia-maison-de-ville-666874\">\n\t\t\t\t\t\t\t<img decoding=\"async\" loading=\"lazy\" class=\"wpb--image-fit\" src=\"https:\/\/www.nevadomarbella.com\/wp-content\/uploads\/inmoba\/thumb-all-0.75-exact-666874.webp\" alt=\"Maison de ville \u00e0 vendre dans l'urbanisation La Virginia\" \/>\n\t\t\t\n\t\t\t\t\t<\/a>\n\t<\/div>\n\t<div class=\"wpb--card-body\">\n\t\t<span class=\"wpb--card-body-location\">La Virginia - Marbella Golden Mile<\/span>\n\t\t<h3 class=\"wpb--card-title\">\n\t\t\t<a class=\"wpb--stretched-link\" href=\"\/fr\/propriete\/vente-la-virginia-maison-de-ville-666874\">\n\t\t\t\tMaison de ville \u00e0 vendre dans l'urbanisation La Virginia\t\t\t<\/a>\n\t\t<\/h3>\n\t\t<div class=\"wpb--card-data\">\n\t\t\t<ul class=\"wpb--card-features\">\n\t\t\t\t\t\t\t\t\t\t<li>2  Chambres, <\/li>\n\t\t\t\t\t\t\t\t\t\t<li>3  Bains, <\/li>\n\t\t\t\t\t\t\t\t\t\t<li>208 m&sup2; Construit<\/li>\n\t\t\t\t\t\t\t<\/ul>\n\t\t\t<div class=\"wpb--card-price\">\n\t\t\t\t1.150.000 &euro;<span>163-04524P-DUP<\/span>\t\t\t<\/div>\n\t\t<\/div>\n\t<\/div>\n<\/div>\n<div class=\"wpb--card\">\n\t<div class=\"wpb--aspect-box wpb--panoramic\">\n\t\t<a class=\"wpb--stretched-link\" href=\"\/fr\/propriete\/vente-la-virginia-restaurant-626244\">\n\t\t\t\t\t\t\t<img decoding=\"async\" loading=\"lazy\" class=\"wpb--image-fit\" src=\"https:\/\/www.nevadomarbella.com\/wp-content\/uploads\/inmoba\/thumb-all-0.75-exact-626244.webp\" alt=\"Restaurant dans l'Urbanisation La Virginia \u00e0 vendre\" \/>\n\t\t\t\n\t\t\t\t\t<\/a>\n\t<\/div>\n\t<div class=\"wpb--card-body\">\n\t\t<span class=\"wpb--card-body-location\">La Virginia - Marbella Golden Mile<\/span>\n\t\t<h3 class=\"wpb--card-title\">\n\t\t\t<a class=\"wpb--stretched-link\" href=\"\/fr\/propriete\/vente-la-virginia-restaurant-626244\">\n\t\t\t\tRestaurant dans l'Urbanisation La Virginia \u00e0 vendre\t\t\t<\/a>\n\t\t<\/h3>\n\t\t<div class=\"wpb--card-data\">\n\t\t\t<ul class=\"wpb--card-features\">\n\t\t\t\t\t\t\t\t\t\t<li>2  Chambres, <\/li>\n\t\t\t\t\t\t\t\t\t\t<li>3  Bains, <\/li>\n\t\t\t\t\t\t\t\t\t\t<li>208 m&sup2; Construit<\/li>\n\t\t\t\t\t\t\t<\/ul>\n\t\t\t<div class=\"wpb--card-price\">\n\t\t\t\t1.150.000 &euro;<span>163-04300P<\/span>\t\t\t<\/div>\n\t\t<\/div>\n\t<\/div>\n<\/div>\n\t\t<\/div>\r\n\t\t<!-- Go to the full list -->\r\n\t\t\t\t<div class=\"wpb--center\">\r\n\t\t\t<a class=\"wpb--btn-outline\" href=\"\/fr\/propriete-a-vendre-a-marbella?l=fr&refinesearch-typeselector=full&o=&f=sale&c=&t=&ft=LA+VIRGINIA&pf=&pt=&b=#\">Voir plus<\/a>\r\n\t\t<\/div>\r\n\t\t\t<\/div>\r\n\n<\/div>\n<\/section>\n","protected":false},"excerpt":{"rendered":"<p>Pourquoi acheter une maison \u00e0 La Virginia est-il si sp\u00e9cial ? Souvent, lorsque nous envisageons d&rsquo;acheter une propri\u00e9t\u00e9 \u00e0 Marbella, nous nous laissons emporter par les m\u00e8tres carr\u00e9s, les vues panoramiques ou les lignes modernes. Cependant, il existe un endroit o\u00f9 la valeur ne se mesure pas en superficie, mais en histoire, en art et [&hellip;]<\/p>\n","protected":false},"author":3,"featured_media":21264,"comment_status":"closed","ping_status":"closed","sticky":false,"template":"","format":"standard","meta":{"_acf_changed":false,"footnotes":""},"categories":[465],"tags":[1935],"class_list":["post-21287","post","type-post","status-publish","format-standard","has-post-thumbnail","hentry","category-guidez-de-zona","tag-golden-mile"],"acf":[],"_links":{"self":[{"href":"https:\/\/www.nevadomarbella.com\/fr\/wp-json\/wp\/v2\/posts\/21287","targetHints":{"allow":["GET"]}}],"collection":[{"href":"https:\/\/www.nevadomarbella.com\/fr\/wp-json\/wp\/v2\/posts"}],"about":[{"href":"https:\/\/www.nevadomarbella.com\/fr\/wp-json\/wp\/v2\/types\/post"}],"author":[{"embeddable":true,"href":"https:\/\/www.nevadomarbella.com\/fr\/wp-json\/wp\/v2\/users\/3"}],"replies":[{"embeddable":true,"href":"https:\/\/www.nevadomarbella.com\/fr\/wp-json\/wp\/v2\/comments?post=21287"}],"version-history":[{"count":1,"href":"https:\/\/www.nevadomarbella.com\/fr\/wp-json\/wp\/v2\/posts\/21287\/revisions"}],"predecessor-version":[{"id":21298,"href":"https:\/\/www.nevadomarbella.com\/fr\/wp-json\/wp\/v2\/posts\/21287\/revisions\/21298"}],"wp:featuredmedia":[{"embeddable":true,"href":"https:\/\/www.nevadomarbella.com\/fr\/wp-json\/wp\/v2\/media\/21264"}],"wp:attachment":[{"href":"https:\/\/www.nevadomarbella.com\/fr\/wp-json\/wp\/v2\/media?parent=21287"}],"wp:term":[{"taxonomy":"category","embeddable":true,"href":"https:\/\/www.nevadomarbella.com\/fr\/wp-json\/wp\/v2\/categories?post=21287"},{"taxonomy":"post_tag","embeddable":true,"href":"https:\/\/www.nevadomarbella.com\/fr\/wp-json\/wp\/v2\/tags?post=21287"}],"curies":[{"name":"wp","href":"https:\/\/api.w.org\/{rel}","templated":true}]}}