{"id":9548,"date":"2022-06-17T16:49:09","date_gmt":"2022-06-17T14:49:09","guid":{"rendered":"https:\/\/www.nevadomarbella.com\/?p=9548"},"modified":"2024-10-31T13:45:59","modified_gmt":"2024-10-31T12:45:59","slug":"las-mejores-playas-de-la-costa-del-sol-estan-en-marbella","status":"publish","type":"post","link":"https:\/\/www.nevadomarbella.com\/es\/9548-las-mejores-playas-de-la-costa-del-sol-estan-en-marbella.html","title":{"rendered":"Las mejores playas de la Costa del Sol est\u00e1n en Marbella"},"content":{"rendered":"\n<p><span style=\"font-weight: 400;\">Marbella es la localidad de la Costa del Sol que ha recibido un mayor n\u00famero de banderas azules. Las mejores playas de la Costa del Sol est\u00e1n en Marbella y han sido galardonadas con un total de 7 banderas azules. La mayor\u00eda de estas playas se encuentran en Marbella centro y Milla de Oro. Con la llegada inminente del verano, es una gran noticia para la localidad.<\/span><\/p>\n\n\n\n<h2 class=\"wp-block-heading\"><span style=\"font-weight: 400;\">\u00bfQu\u00e9 organismo otorga las banderas azules y por qu\u00e9?<\/span><\/h2>\n\n\n\n<p><span style=\"font-weight: 400;\">Las banderas azules las otorga la Fundaci\u00f3n Europea de Educaci\u00f3n Ambiental desde los a\u00f1os 80. La consiguen aquellas playas que \u201ccumplen con una serie de criterios ambientales, educativos, de seguridad y accesibilidad\u201d. Para ello se controlan par\u00e1metros como la calidad del agua, la seguridad, el nivel de servicios y la ordenaci\u00f3n del medio ambiente.<\/span><\/p>\n\n\n\n<h2 class=\"wp-block-heading\"><span style=\"font-weight: 400;\">Las mejores playas de la Costa del Sol: las playas de Marbella con bandera azul<\/span><\/h2>\n\n\n\n<p><span style=\"font-weight: 400;\">Hagamos un repaso por las playas condecoradas con la bandera azul. Lista de playas con la distinci\u00f3n de bandera azul:<\/span><\/p>\n\n\n\n<ul class=\"wp-block-list\">\n<li><span style=\"font-weight: 400;\">Playa de Casablanca.<\/span><\/li>\n\n\n\n<li><span style=\"font-weight: 400;\">Playa de El Faro.<\/span><\/li>\n\n\n\n<li><span style=\"font-weight: 400;\">Playa de Puerto Banu\u0301s.<\/span><\/li>\n\n\n\n<li><span style=\"font-weight: 400;\">Playa de Guadalmina.<\/span><\/li>\n\n\n\n<li><span style=\"font-weight: 400;\">Playa de La Venus.<\/span><\/li>\n\n\n\n<li><span style=\"font-weight: 400;\">Playa del Alicate.<\/span><\/li>\n\n\n\n<li><span style=\"font-weight: 400;\">Playa de El Cable.<\/span><\/li>\n<\/ul>\n\n\n\n<p><span style=\"font-weight: 400;\">A continuaci\u00f3n haremos un repaso de \u00e9stas y sus principales caracter\u00edsticas.<\/span><\/p>\n\n\n\n<h3 class=\"wp-block-heading\"><span style=\"font-weight: 400;\">Playa de Casablanca<\/span><\/h3>\n\n\n\n<figure class=\"wp-block-image aligncenter size-full size-medium wp-image-9553 wp-duotone-duotone-2\"><img decoding=\"async\" width=\"1920\" height=\"1080\" src=\"https:\/\/www.nevadomarbella.com\/wp-content\/uploads\/2022\/06\/playa-casablanca-marina-mariola-nevado-realty-marbella-2.jpg\" alt=\"Playa de Casablanca\" class=\"wp-image-9553\" srcset=\"https:\/\/www.nevadomarbella.com\/wp-content\/uploads\/2022\/06\/playa-casablanca-marina-mariola-nevado-realty-marbella-2.jpg 1920w, https:\/\/www.nevadomarbella.com\/wp-content\/uploads\/2022\/06\/playa-casablanca-marina-mariola-nevado-realty-marbella-2-1536x864.jpg 1536w\" sizes=\"(max-width: 1920px) 100vw, 1920px\" \/><figcaption class=\"wp-element-caption\">Playa de Casablanca<\/figcaption><\/figure>\n\n\n\n<p><span style=\"font-weight: 400;\">Se trata de una de las playas preferidas por locales y turistas. Se encuentra en plena Milla de Oro, lindando con la playa de Nag\u00fceles y La Fontanilla.<\/span><\/p>\n\n\n\n<p><span style=\"font-weight: 400;\">Con agua cristalina y arena fina, esta playa cuenta con algunos de los mejores clubes de playa de la ciudad.<\/span><\/p>\n\n\n\n<h3 class=\"wp-block-heading\"><span style=\"font-weight: 400;\">Playa de El Faro<\/span><\/h3>\n\n\n\n<figure class=\"wp-block-image aligncenter size-full size-medium wp-image-9565 wp-duotone-duotone-2\"><img decoding=\"async\" width=\"1920\" height=\"1080\" src=\"https:\/\/www.nevadomarbella.com\/wp-content\/uploads\/2022\/06\/playa-el-faro-marbella-centro-nevado-realty-2.jpg\" alt=\"Playa El Faro, en pleno centro de Marbella\" class=\"wp-image-9565\" srcset=\"https:\/\/www.nevadomarbella.com\/wp-content\/uploads\/2022\/06\/playa-el-faro-marbella-centro-nevado-realty-2.jpg 1920w, https:\/\/www.nevadomarbella.com\/wp-content\/uploads\/2022\/06\/playa-el-faro-marbella-centro-nevado-realty-2-1536x864.jpg 1536w\" sizes=\"(max-width: 1920px) 100vw, 1920px\" \/><figcaption class=\"wp-element-caption\">Playa El Faro, en pleno centro de Marbella<\/figcaption><\/figure>\n\n\n\n<p><span style=\"font-weight: 400;\">Se trata de una de las playas m\u00e1s emblem\u00e1ticas del centro de la ciudad. Al encontrarse junto al puerto deportivo y la zona de restaurantes siempre est\u00e1 muy animada. Es una playa muy peque\u00f1a y poco profunda, por lo que es ideal para familias con ni\u00f1os.<\/span><\/p>\n\n\n\n<h3 class=\"wp-block-heading\"><span style=\"font-weight: 400;\">Playa de Puerto Ban\u00fas<\/span><\/h3>\n\n\n\n<figure class=\"wp-block-image aligncenter size-full size-medium wp-image-9573 wp-duotone-duotone-2\"><img decoding=\"async\" width=\"1920\" height=\"1080\" src=\"https:\/\/www.nevadomarbella.com\/wp-content\/uploads\/2022\/06\/playa-de-levanta-puerto-banus-marbella.jpg\" alt=\"Playa de Levante en Puerto Ban\u00fas\" class=\"wp-image-9573\" srcset=\"https:\/\/www.nevadomarbella.com\/wp-content\/uploads\/2022\/06\/playa-de-levanta-puerto-banus-marbella.jpg 1920w, https:\/\/www.nevadomarbella.com\/wp-content\/uploads\/2022\/06\/playa-de-levanta-puerto-banus-marbella-1536x864.jpg 1536w\" sizes=\"(max-width: 1920px) 100vw, 1920px\" \/><figcaption class=\"wp-element-caption\">Playa de Levante en Puerto Ban\u00fas<\/figcaption><\/figure>\n\n\n\n<p><span style=\"font-weight: 400;\">Ubicada junto a una de las zonas de lujo m\u00e1s importantes de Europa, la playa de Puerto Ban\u00fas ofrece todo tipo de comodidades. Adem\u00e1s de varios chiringuitos, encontraremos hamacas y opciones para realizar actividades acu\u00e1ticas.<\/span><\/p>\n\n\n\n<h3 class=\"wp-block-heading\"><span style=\"font-weight: 400;\">Playa de Guadalmina<\/span><\/h3>\n\n\n\n<figure class=\"wp-block-image aligncenter size-full size-medium wp-image-9581 wp-duotone-duotone-2\"><img decoding=\"async\" width=\"1920\" height=\"1080\" src=\"https:\/\/www.nevadomarbella.com\/wp-content\/uploads\/2022\/06\/playa-guadalmina-baja-nevado-realty-marbella.jpg\" alt=\"Playa de Guadalmina\" class=\"wp-image-9581\" srcset=\"https:\/\/www.nevadomarbella.com\/wp-content\/uploads\/2022\/06\/playa-guadalmina-baja-nevado-realty-marbella.jpg 1920w, https:\/\/www.nevadomarbella.com\/wp-content\/uploads\/2022\/06\/playa-guadalmina-baja-nevado-realty-marbella-1536x864.jpg 1536w\" sizes=\"(max-width: 1920px) 100vw, 1920px\" \/><figcaption class=\"wp-element-caption\">Playa de Guadalmina<\/figcaption><\/figure>\n\n\n\n<p><span style=\"font-weight: 400;\">Esta playa, la \u00faltima de Marbella por el oeste, ostenta la bandera azul desde 1992. La calidad del agua es una de las mejores de la ciudad. La playa mide 1.500 metros de largo y 25 de ancho. Su amplitud la hace perfecta para que los ni\u00f1os puedan correr libremente y disfrutar en familia. Adem\u00e1s se trata de una playa con alto valor arqueol\u00f3gico por sus ruinas romanas y la torre del siglo XVI.<\/span><\/p>\n\n\n\n<h3 class=\"wp-block-heading\"><span style=\"font-weight: 400;\">Playa de La Venus<\/span><\/h3>\n\n\n\n<figure class=\"wp-block-image aligncenter size-full size-medium wp-image-9589 wp-duotone-duotone-2\"><img decoding=\"async\" width=\"1920\" height=\"1080\" src=\"https:\/\/www.nevadomarbella.com\/wp-content\/uploads\/2022\/06\/dsc-7391.jpg\" alt=\"Playa de La Venus, en Marbella centro\" class=\"wp-image-9589\" srcset=\"https:\/\/www.nevadomarbella.com\/wp-content\/uploads\/2022\/06\/dsc-7391.jpg 1920w, https:\/\/www.nevadomarbella.com\/wp-content\/uploads\/2022\/06\/dsc-7391-1536x864.jpg 1536w\" sizes=\"(max-width: 1920px) 100vw, 1920px\" \/><figcaption class=\"wp-element-caption\">Playa de La Venus, en Marbella centro<\/figcaption><\/figure>\n\n\n\n<p><span style=\"font-weight: 400;\">La playa de la Venus se ubica en el centro de la ciudad, al este del puerto deportivo. Con una longitud de 400 metros y una anchura de 40, es una de las playas m\u00e1s visitadas. Tanto por residentes como por turistas. Disponemos de varias opciones para comer. Podemos elegir entre algunos restaurantes cercanos o varios chiringuitos en la playa.<\/span><\/p>\n\n\n\n<h3 class=\"wp-block-heading\"><span style=\"font-weight: 400;\">Playa del Alicate<\/span><\/h3>\n\n\n\n<figure class=\"wp-block-image aligncenter size-medium wp-image-9597 wp-duotone-duotone-2\"><img decoding=\"async\" width=\"920\" height=\"518\" src=\"https:\/\/www.nevadomarbella.com\/wp-content\/uploads\/2022\/06\/playa-alicate-marbella-este-nevado-realty-marbella-920x518.jpg\" alt=\"Playa del Alicate, en Marbella este\" class=\"wp-image-9597\" srcset=\"https:\/\/www.nevadomarbella.com\/wp-content\/uploads\/2022\/06\/playa-alicate-marbella-este-nevado-realty-marbella-1536x864.jpg 1536w, https:\/\/www.nevadomarbella.com\/wp-content\/uploads\/2022\/06\/playa-alicate-marbella-este-nevado-realty-marbella.jpg 1920w\" sizes=\"(max-width: 920px) 100vw, 920px\" \/><figcaption class=\"wp-element-caption\">Playa del Alicate, en Marbella este<\/figcaption><\/figure>\n\n\n\n<p><span style=\"font-weight: 400;\">La protecci\u00f3n que le confiere un entorno natural privilegiado hace que sea considerada la mejor playa de la localidad. Con 2.000 metros de largo, es una de las playas con mejor arena. Se trata de una zona con una densidad de poblaci\u00f3n muy baja por la escasez de grandes edificios, por lo que es muy tranquila.<\/span><\/p>\n\n\n\n<h3 class=\"wp-block-heading\"><span style=\"font-weight: 400;\">Playa de El Cable<\/span><\/h3>\n\n\n\n<figure class=\"wp-block-image aligncenter size-full size-medium wp-image-9605 wp-duotone-duotone-2\"><img decoding=\"async\" width=\"1920\" height=\"1080\" src=\"https:\/\/www.nevadomarbella.com\/wp-content\/uploads\/2022\/06\/playa-el-cable-marbella-centro-nevado-realty-2.jpg\" alt=\"Playa El Cable\" class=\"wp-image-9605\" srcset=\"https:\/\/www.nevadomarbella.com\/wp-content\/uploads\/2022\/06\/playa-el-cable-marbella-centro-nevado-realty-2.jpg 1920w, https:\/\/www.nevadomarbella.com\/wp-content\/uploads\/2022\/06\/playa-el-cable-marbella-centro-nevado-realty-2-1536x864.jpg 1536w\" sizes=\"(max-width: 1920px) 100vw, 1920px\" \/><figcaption class=\"wp-element-caption\">Playa El Cable<\/figcaption><\/figure>\n\n\n\n<p><span style=\"font-weight: 400;\">Es la \u00faltima playa del n\u00facleo urbano de Marbella por el Este. Recibe su nombre por el cable que bajaba los minerales desde la monta\u00f1a hasta la torreta que a\u00fan permanece en la playa. Dispone de una gran anchura y multitud de chiringuitos donde disfrutar del d\u00eda de playa.<\/span><\/p>\n\n\n\n<section class=\"wp-block-group jaleo-properties-grid is-layout-flow wp-block-group-is-layout-flow\" style=\"margin-top:0;margin-bottom:var(--wp--preset--spacing--60);padding-right:var(--wp--preset--spacing--50);padding-left:var(--wp--preset--spacing--50)\">\n<h2 class=\"wp-block-heading has-text-align-center\" style=\"padding-right:var(--wp--preset--spacing--20);padding-left:var(--wp--preset--spacing--20)\">\u00daltimas propiedades a la venta junto a las mejores playas<\/h2>\n\n\n\n<p class=\"has-text-align-center\" style=\"padding-right:var(--wp--preset--spacing--20);padding-left:var(--wp--preset--spacing--20)\">Propiedades junto a la playa. En primera l\u00ednea, con vistas al mar, o cerca de la playa, todas las opciones para todos los gustos y presupuestos<\/p>\n\n\n\n<div class=\"wp-block-group is-layout-flow wp-block-group-is-layout-flow\" style=\"margin-top:var(--wp--preset--spacing--30);padding-top:0;padding-right:0;padding-bottom:0;padding-left:0\">\t<div id=\"wpb__style_container\" class=\"wpb--container\">\r\n\t\t<div class=\"wpb--card-container\">\r\n\t\t\t<div class=\"wpb--card\">\n\t<div class=\"wpb--aspect-box wpb--panoramic\">\n\t\t<a class=\"wpb--stretched-link\" href=\"\/es\/propiedad\/venta-bahia-del-velerin-apartamento-698929\">\n\t\t\t\t\t\t\t<img decoding=\"async\" loading=\"lazy\" class=\"wpb--image-fit\" src=\"https:\/\/www.nevadomarbella.com\/wp-content\/uploads\/inmoba\/thumb-all-0.75-exact-698929.webp\" alt=\"Apartamento en Bah\u00eda del Veler\u00edn Estepona en primera l\u00ednea de playa en venta\" \/>\n\t\t\t\n\t\t\t\t\t<\/a>\n\t<\/div>\n\t<div class=\"wpb--card-body\">\n\t\t<span class=\"wpb--card-body-location\">Bah\u00eda del Veler\u00edn - Estepona Este<\/span>\n\t\t<h3 class=\"wpb--card-title\">\n\t\t\t<a class=\"wpb--stretched-link\" href=\"\/es\/propiedad\/venta-bahia-del-velerin-apartamento-698929\">\n\t\t\t\tApartamento en Bah\u00eda del Veler\u00edn Estepona en primera l\u00ednea de playa en venta\t\t\t<\/a>\n\t\t<\/h3>\n\t\t<div class=\"wpb--card-data\">\n\t\t\t<ul class=\"wpb--card-features\">\n\t\t\t\t\t\t\t\t\t\t<li>3  Dormitorios, <\/li>\n\t\t\t\t\t\t\t\t\t\t<li>2  Ba\u00f1os, <\/li>\n\t\t\t\t\t\t\t\t\t\t<li>122 m&sup2; Const.<\/li>\n\t\t\t\t\t\t\t<\/ul>\n\t\t\t<div class=\"wpb--card-price\">\n\t\t\t\t1.895.000 &euro;<span>163-04631P<\/span>\t\t\t<\/div>\n\t\t<\/div>\n\t<\/div>\n<\/div>\n<div class=\"wpb--card\">\n\t<div class=\"wpb--aspect-box wpb--panoramic\">\n\t\t<a class=\"wpb--stretched-link\" href=\"\/es\/propiedad\/venta-estepona-ciudad-atico-698612\">\n\t\t\t\t\t\t\t<img decoding=\"async\" loading=\"lazy\" class=\"wpb--image-fit\" src=\"https:\/\/www.nevadomarbella.com\/wp-content\/uploads\/inmoba\/thumb-all-0.75-exact-698612.webp\" alt=\"\u00c1tico en Estepona frontal al mar en primera l\u00ednea de playa en venta\" \/>\n\t\t\t\n\t\t\t\t\t<\/a>\n\t<\/div>\n\t<div class=\"wpb--card-body\">\n\t\t<span class=\"wpb--card-body-location\">Estepona Ciudad<\/span>\n\t\t<h3 class=\"wpb--card-title\">\n\t\t\t<a class=\"wpb--stretched-link\" href=\"\/es\/propiedad\/venta-estepona-ciudad-atico-698612\">\n\t\t\t\t\u00c1tico en Estepona frontal al mar en primera l\u00ednea de playa en venta\t\t\t<\/a>\n\t\t<\/h3>\n\t\t<div class=\"wpb--card-data\">\n\t\t\t<ul class=\"wpb--card-features\">\n\t\t\t\t\t\t\t\t\t\t<li>3  Dormitorios, <\/li>\n\t\t\t\t\t\t\t\t\t\t<li>3  Ba\u00f1os, <\/li>\n\t\t\t\t\t\t\t\t\t\t<li>512 m&sup2; Const.<\/li>\n\t\t\t\t\t\t\t<\/ul>\n\t\t\t<div class=\"wpb--card-price\">\n\t\t\t\t6.400.000 &euro;<span>163-04629P-DUP<\/span>\t\t\t<\/div>\n\t\t<\/div>\n\t<\/div>\n<\/div>\n<div class=\"wpb--card\">\n\t<div class=\"wpb--aspect-box wpb--panoramic\">\n\t\t<a class=\"wpb--stretched-link\" href=\"\/es\/propiedad\/venta-estepona-ciudad-apartamento-698497\">\n\t\t\t\t\t\t\t<img decoding=\"async\" loading=\"lazy\" class=\"wpb--image-fit\" src=\"https:\/\/www.nevadomarbella.com\/wp-content\/uploads\/inmoba\/thumb-all-0.75-exact-698497.webp\" alt=\"Apartamento en Estepona frontal al mar en primera l\u00ednea de playa en Estepona\" \/>\n\t\t\t\n\t\t\t\t\t<\/a>\n\t<\/div>\n\t<div class=\"wpb--card-body\">\n\t\t<span class=\"wpb--card-body-location\">Estepona Ciudad<\/span>\n\t\t<h3 class=\"wpb--card-title\">\n\t\t\t<a class=\"wpb--stretched-link\" href=\"\/es\/propiedad\/venta-estepona-ciudad-apartamento-698497\">\n\t\t\t\tApartamento en Estepona frontal al mar en primera l\u00ednea de playa en Estepona\t\t\t<\/a>\n\t\t<\/h3>\n\t\t<div class=\"wpb--card-data\">\n\t\t\t<ul class=\"wpb--card-features\">\n\t\t\t\t\t\t\t\t\t\t<li>3  Dormitorios, <\/li>\n\t\t\t\t\t\t\t\t\t\t<li>3  Ba\u00f1os, <\/li>\n\t\t\t\t\t\t\t\t\t\t<li>297 m&sup2; Const.<\/li>\n\t\t\t\t\t\t\t<\/ul>\n\t\t\t<div class=\"wpb--card-price\">\n\t\t\t\t3.550.000 &euro;<span>163-04628P<\/span>\t\t\t<\/div>\n\t\t<\/div>\n\t<\/div>\n<\/div>\n<div class=\"wpb--card\">\n\t<div class=\"wpb--aspect-box wpb--panoramic\">\n\t\t<a class=\"wpb--stretched-link\" href=\"\/es\/propiedad\/venta-costalita-apartamento-697925\">\n\t\t\t\t\t\t\t<img decoding=\"async\" loading=\"lazy\" class=\"wpb--image-fit\" src=\"https:\/\/www.nevadomarbella.com\/wp-content\/uploads\/inmoba\/thumb-all-0.75-exact-697925.webp\" alt=\"Apartamento en Costalita Estepona en primera l\u00ednea de playa y renovado en venta\" \/>\n\t\t\t\n\t\t\t\t\t<\/a>\n\t<\/div>\n\t<div class=\"wpb--card-body\">\n\t\t<span class=\"wpb--card-body-location\">Costalita - Estepona Este<\/span>\n\t\t<h3 class=\"wpb--card-title\">\n\t\t\t<a class=\"wpb--stretched-link\" href=\"\/es\/propiedad\/venta-costalita-apartamento-697925\">\n\t\t\t\tApartamento en Costalita Estepona en primera l\u00ednea de playa y renovado en venta\t\t\t<\/a>\n\t\t<\/h3>\n\t\t<div class=\"wpb--card-data\">\n\t\t\t<ul class=\"wpb--card-features\">\n\t\t\t\t\t\t\t\t\t\t<li>3  Dormitorios, <\/li>\n\t\t\t\t\t\t\t\t\t\t<li>2  Ba\u00f1os, <\/li>\n\t\t\t\t\t\t\t\t\t\t<li>157 m&sup2; Const.<\/li>\n\t\t\t\t\t\t\t<\/ul>\n\t\t\t<div class=\"wpb--card-price\">\n\t\t\t\t1.495.000 &euro;<span>163-04625P<\/span>\t\t\t<\/div>\n\t\t<\/div>\n\t<\/div>\n<\/div>\n<div class=\"wpb--card\">\n\t<div class=\"wpb--aspect-box wpb--panoramic\">\n\t\t<a class=\"wpb--stretched-link\" href=\"\/es\/propiedad\/venta-sabinillas-apartamento-697921\">\n\t\t\t\t\t\t\t<img decoding=\"async\" loading=\"lazy\" class=\"wpb--image-fit\" src=\"https:\/\/www.nevadomarbella.com\/wp-content\/uploads\/inmoba\/thumb-all-0.75-exact-697921.webp\" alt=\"Apartamento en venta en Sabinillas, Manilva\" \/>\n\t\t\t\n\t\t\t\t\t<\/a>\n\t<\/div>\n\t<div class=\"wpb--card-body\">\n\t\t<span class=\"wpb--card-body-location\">Sabinillas - Manilva<\/span>\n\t\t<h3 class=\"wpb--card-title\">\n\t\t\t<a class=\"wpb--stretched-link\" href=\"\/es\/propiedad\/venta-sabinillas-apartamento-697921\">\n\t\t\t\tApartamento en venta en Sabinillas, Manilva\t\t\t<\/a>\n\t\t<\/h3>\n\t\t<div class=\"wpb--card-data\">\n\t\t\t<ul class=\"wpb--card-features\">\n\t\t\t\t\t\t\t\t\t\t<li>1  Dormitorio, <\/li>\n\t\t\t\t\t\t\t\t\t\t<li>1  Ba\u00f1o, <\/li>\n\t\t\t\t\t\t\t\t\t\t<li>82 m&sup2; Const.<\/li>\n\t\t\t\t\t\t\t<\/ul>\n\t\t\t<div class=\"wpb--card-price\">\n\t\t\t\t435.000 &euro;<span>163-04624P<\/span>\t\t\t<\/div>\n\t\t<\/div>\n\t<\/div>\n<\/div>\n<div class=\"wpb--card\">\n\t<div class=\"wpb--aspect-box wpb--panoramic\">\n\t\t<a class=\"wpb--stretched-link\" href=\"\/es\/propiedad\/venta-estepona-este-villa-697847\">\n\t\t\t\t\t\t\t<img decoding=\"async\" loading=\"lazy\" class=\"wpb--image-fit\" src=\"https:\/\/www.nevadomarbella.com\/wp-content\/uploads\/inmoba\/thumb-all-0.75-exact-697847.webp\" alt=\"Villa en Estepona en primera l\u00ednea de playa con gran parcela en venta\" \/>\n\t\t\t\n\t\t\t\t\t<\/a>\n\t<\/div>\n\t<div class=\"wpb--card-body\">\n\t\t<span class=\"wpb--card-body-location\">Estepona Este<\/span>\n\t\t<h3 class=\"wpb--card-title\">\n\t\t\t<a class=\"wpb--stretched-link\" href=\"\/es\/propiedad\/venta-estepona-este-villa-697847\">\n\t\t\t\tVilla en Estepona en primera l\u00ednea de playa con gran parcela en venta\t\t\t<\/a>\n\t\t<\/h3>\n\t\t<div class=\"wpb--card-data\">\n\t\t\t<ul class=\"wpb--card-features\">\n\t\t\t\t\t\t\t\t\t\t<li>9  Dormitorios, <\/li>\n\t\t\t\t\t\t\t\t\t\t<li>8  Ba\u00f1os, <\/li>\n\t\t\t\t\t\t\t\t\t\t<li>5.828 m&sup2; Parcela, <\/li>\n\t\t\t\t\t\t\t\t\t\t<li>1.926 m&sup2; Const.<\/li>\n\t\t\t\t\t\t\t<\/ul>\n\t\t\t<div class=\"wpb--card-price\">\n\t\t\t\t11.900.000 &euro;<span>163-04623P<\/span>\t\t\t<\/div>\n\t\t<\/div>\n\t<\/div>\n<\/div>\n<div class=\"wpb--card\">\n\t<div class=\"wpb--aspect-box wpb--panoramic\">\n\t\t<a class=\"wpb--stretched-link\" href=\"\/es\/propiedad\/venta-casablanca-villa-696618\">\n\t\t\t\t\t\t\t<img decoding=\"async\" loading=\"lazy\" class=\"wpb--image-fit\" src=\"https:\/\/www.nevadomarbella.com\/wp-content\/uploads\/inmoba\/thumb-all-0.75-exact-696618.webp\" alt=\"Villa en Urbanizaci\u00f3n Casablanca junto a la playa en venta\" \/>\n\t\t\t\n\t\t\t\t\t<\/a>\n\t<\/div>\n\t<div class=\"wpb--card-body\">\n\t\t<span class=\"wpb--card-body-location\">Casablanca - Marbella Golden Mile<\/span>\n\t\t<h3 class=\"wpb--card-title\">\n\t\t\t<a class=\"wpb--stretched-link\" href=\"\/es\/propiedad\/venta-casablanca-villa-696618\">\n\t\t\t\tVilla en Urbanizaci\u00f3n Casablanca junto a la playa en venta\t\t\t<\/a>\n\t\t<\/h3>\n\t\t<div class=\"wpb--card-data\">\n\t\t\t<ul class=\"wpb--card-features\">\n\t\t\t\t\t\t\t\t\t\t<li>4  Dormitorios, <\/li>\n\t\t\t\t\t\t\t\t\t\t<li>4  Ba\u00f1os, <\/li>\n\t\t\t\t\t\t\t\t\t\t<li>660 m&sup2; Parcela, <\/li>\n\t\t\t\t\t\t\t\t\t\t<li>654 m&sup2; Const.<\/li>\n\t\t\t\t\t\t\t<\/ul>\n\t\t\t<div class=\"wpb--card-price\">\n\t\t\t\t6.950.000 &euro;<span>163-04617P<\/span>\t\t\t<\/div>\n\t\t<\/div>\n\t<\/div>\n<\/div>\n<div class=\"wpb--card\">\n\t<div class=\"wpb--aspect-box wpb--panoramic\">\n\t\t<a class=\"wpb--stretched-link\" href=\"\/es\/propiedad\/venta-jardines-del-mar-apartamento-693604\">\n\t\t\t\t\t\t\t<img decoding=\"async\" loading=\"lazy\" class=\"wpb--image-fit\" src=\"https:\/\/www.nevadomarbella.com\/wp-content\/uploads\/inmoba\/thumb-all-0.75-exact-693604.webp\" alt=\"Apartamento en Marbella centro junto a la playa a la venta\" \/>\n\t\t\t\n\t\t\t\t\t<\/a>\n\t<\/div>\n\t<div class=\"wpb--card-body\">\n\t\t<span class=\"wpb--card-body-location\">Jardines del Mar - Marbella Golden Mile<\/span>\n\t\t<h3 class=\"wpb--card-title\">\n\t\t\t<a class=\"wpb--stretched-link\" href=\"\/es\/propiedad\/venta-jardines-del-mar-apartamento-693604\">\n\t\t\t\tApartamento en Marbella centro junto a la playa a la venta\t\t\t<\/a>\n\t\t<\/h3>\n\t\t<div class=\"wpb--card-data\">\n\t\t\t<ul class=\"wpb--card-features\">\n\t\t\t\t\t\t\t\t\t\t<li>1  Dormitorio, <\/li>\n\t\t\t\t\t\t\t\t\t\t<li>1  Ba\u00f1o, <\/li>\n\t\t\t\t\t\t\t\t\t\t<li>85 m&sup2; Const.<\/li>\n\t\t\t\t\t\t\t<\/ul>\n\t\t\t<div class=\"wpb--card-price\">\n\t\t\t\t560.000 &euro;<span>163-04613P<\/span>\t\t\t<\/div>\n\t\t<\/div>\n\t<\/div>\n<\/div>\n\t\t<\/div>\r\n\t\t<!-- Go to the full list -->\r\n\t\t\t\t<div class=\"wpb--center\">\r\n\t\t\t<a class=\"wpb--btn-outline\" href=\"\/es\/propiedad-en-venta-en-marbella?f=sale&filter2=1\">Ver m\u00e1s<\/a>\r\n\t\t<\/div>\r\n\t\t\t<\/div>\r\n\n<\/div>\n<\/section>\n\n\n\n<p>&nbsp;<\/p>\n","protected":false},"excerpt":{"rendered":"<p>Marbella es la localidad de la Costa del Sol que ha recibido un mayor n\u00famero de banderas azules. Las mejores playas de la Costa del Sol est\u00e1n en Marbella y han sido galardonadas con un total de 7 banderas azules. La mayor\u00eda de estas playas se encuentran en Marbella centro y Milla de Oro. Con [&hellip;]<\/p>\n","protected":false},"author":3,"featured_media":9549,"comment_status":"closed","ping_status":"closed","sticky":false,"template":"","format":"standard","meta":{"_acf_changed":false,"footnotes":""},"categories":[723],"tags":[],"class_list":["post-9548","post","type-post","status-publish","format-standard","has-post-thumbnail","hentry","category-estilo-de-vida-guia-inmobiliaria"],"acf":[],"_links":{"self":[{"href":"https:\/\/www.nevadomarbella.com\/es\/wp-json\/wp\/v2\/posts\/9548","targetHints":{"allow":["GET"]}}],"collection":[{"href":"https:\/\/www.nevadomarbella.com\/es\/wp-json\/wp\/v2\/posts"}],"about":[{"href":"https:\/\/www.nevadomarbella.com\/es\/wp-json\/wp\/v2\/types\/post"}],"author":[{"embeddable":true,"href":"https:\/\/www.nevadomarbella.com\/es\/wp-json\/wp\/v2\/users\/3"}],"replies":[{"embeddable":true,"href":"https:\/\/www.nevadomarbella.com\/es\/wp-json\/wp\/v2\/comments?post=9548"}],"version-history":[{"count":1,"href":"https:\/\/www.nevadomarbella.com\/es\/wp-json\/wp\/v2\/posts\/9548\/revisions"}],"predecessor-version":[{"id":19005,"href":"https:\/\/www.nevadomarbella.com\/es\/wp-json\/wp\/v2\/posts\/9548\/revisions\/19005"}],"wp:featuredmedia":[{"embeddable":true,"href":"https:\/\/www.nevadomarbella.com\/es\/wp-json\/wp\/v2\/media\/9549"}],"wp:attachment":[{"href":"https:\/\/www.nevadomarbella.com\/es\/wp-json\/wp\/v2\/media?parent=9548"}],"wp:term":[{"taxonomy":"category","embeddable":true,"href":"https:\/\/www.nevadomarbella.com\/es\/wp-json\/wp\/v2\/categories?post=9548"},{"taxonomy":"post_tag","embeddable":true,"href":"https:\/\/www.nevadomarbella.com\/es\/wp-json\/wp\/v2\/tags?post=9548"}],"curies":[{"name":"wp","href":"https:\/\/api.w.org\/{rel}","templated":true}]}}