{"id":21261,"date":"2026-01-21T12:51:49","date_gmt":"2026-01-21T11:51:49","guid":{"rendered":"https:\/\/www.nevadomarbella.com\/?p=21261"},"modified":"2026-01-21T16:33:08","modified_gmt":"2026-01-21T15:33:08","slug":"comprar-una-casa-en-la-virginia-es-comprar-un-pedazo-de-la-historia-de-marbella","status":"publish","type":"post","link":"https:\/\/www.nevadomarbella.com\/es\/21261-comprar-una-casa-en-la-virginia-es-comprar-un-pedazo-de-la-historia-de-marbella.html","title":{"rendered":"Comprar una casa en La Virginia es comprar un pedazo de la historia de Marbella"},"content":{"rendered":"\n<p>\u00bfPor qu\u00e9 comprar una casa en la Virginia es tan especial? menudo, cuando pensamos en comprar una propiedad en Marbella, nos dejamos llevar por los metros cuadrados, las vistas panor\u00e1micas o las l\u00edneas modernas. Sin embargo, existe un lugar donde <strong>el valor no se mide en superficie, sino en historia, arte y sensaciones<\/strong>. Hablamos de La Virginia, una urbanizaci\u00f3n que no es solo un conjunto de casas, sino un enclave que guarda intacta <strong>el alma de la Marbella m\u00e1s pura<\/strong>.<\/p>\n\n\n\n<p>En Marbella existen urbanizaciones ic\u00f3nicas, pero pocas conservan tan intacta el alma andaluza como La Virginia. Este conjunto residencial \u2014obra del arquitecto Donald Gray en los a\u00f1os 60\u2014 se concibi\u00f3 como un <strong>peque\u00f1o pueblo blanco entre jardines, plazas con fuentes y naranjos, y calles estrechas que invitan a deambular sin prisa<\/strong>. Aqu\u00ed, cada vivienda es distinta: fachadas irregulares, balcones con buganvillas, rejas artesanas y rincones que parecen detener el tiempo. Es ese car\u00e1cter, m\u00e1s que los metros, el que explica su valor.<\/p>\n\n\n\n<h2 class=\"wp-block-heading\"><strong>Un oasis dise\u00f1ado por Donald Gray<\/strong><\/h2>\n\n\n\n<p>La urbanizaci\u00f3n fue dise\u00f1ada en los a\u00f1os 60 por el visionario arquitecto Donald Gray, quien recibi\u00f3 en 2015 el prestigioso Premio Rafael Manzano de Nueva Arquitectura Tradicional. Gray huy\u00f3 de la construcci\u00f3n vertical y masificada para crear un refugio a escala humana. Su objetivo fue replicar la esencia de los \u00abpueblos blancos\u00bb andaluces, inspir\u00e1ndose en la arquitectura vern\u00e1cula del Valle del Genal.<\/p>\n\n\n\n<p>Como bien saben los expertos, La Virginia (junto con Las Lomas Pueblo) es el \u00fanico sitio en Marbella donde esta arquitectura andaluza tradicional se preserva con tal fidelidad. De hecho, el valor hist\u00f3rico y art\u00edstico del conjunto es tal, que el Ayuntamiento valora su catalogaci\u00f3n para proteger su singularidad.<\/p>\n\n\n\n<p>De hecho, Marbella reconoci\u00f3 p\u00fablicamente la contribuci\u00f3n de Gray por enriquecer el patrimonio art\u00edstico local con un conjunto que hoy se cita como ejemplo sobresaliente de arquitectura tradicional andaluza.<\/p>\n\n\n\n<h2 class=\"wp-block-heading\"><strong>M\u00e1s que una urbanizaci\u00f3n, un estilo de vida<\/strong><\/h2>\n\n\n\n<p>Entrar en La Virginia es dejar atr\u00e1s el ruido y el asfalto. Al pasear por sus calles empedradas \u2014tan estrechas y acogedoras como las de un pueblo antiguo\u2014 <strong>uno se olvida del coche y del reloj<\/strong>.<\/p>\n\n\n\n<p>El verdadero lujo aqu\u00ed reside en los detalles que componen su atm\u00f3sfera \u00fanica:<\/p>\n\n\n\n<ul class=\"wp-block-list\">\n<li>&nbsp;&nbsp;&nbsp;&nbsp;&nbsp;&nbsp;&nbsp;&nbsp;&nbsp;&nbsp;&nbsp;&nbsp; <strong>Las plazas<\/strong>: espacios de reuni\u00f3n adornados con fuentes que susurran y naranjos que perfuman el aire.<\/li>\n\n\n\n<li>&nbsp;&nbsp;&nbsp;&nbsp;&nbsp;&nbsp;&nbsp;&nbsp;&nbsp;&nbsp;&nbsp;&nbsp; <strong>La capilla<\/strong>: pocas urbanizaciones pueden presumir de tener su propia capilla, un s\u00edmbolo de comunidad y tradici\u00f3n.<\/li>\n\n\n\n<li>&nbsp;&nbsp;&nbsp;&nbsp;&nbsp;&nbsp;&nbsp;&nbsp;&nbsp;&nbsp;&nbsp;&nbsp; <strong>El encanto \u00abgastro\u00bb<\/strong>: la zona esconde joyas gastron\u00f3micas y rincones de postal iluminados por faroles antiguos que crean noches m\u00e1gicas.<\/li>\n\n\n\n<li>&nbsp;&nbsp;&nbsp;&nbsp;&nbsp;&nbsp;&nbsp;&nbsp;&nbsp;&nbsp;&nbsp;&nbsp; <strong>Tradiciones vivas<\/strong>: es el escenario de eventos tan entra\u00f1ables como su famoso mercado de Navidad, que atrae a visitantes cada diciembre buscando ese calor de hogar que falta en las construcciones modernas.<\/li>\n<\/ul>\n\n\n\n<h2 class=\"wp-block-heading\"><strong>Un \u201cpueblo\u201d dentro de la Milla de Oro<\/strong><\/h2>\n\n\n\n<figure class=\"wp-block-image size-full wp-duotone-duotone-2\"><img decoding=\"async\" width=\"1920\" height=\"1280\" src=\"https:\/\/www.nevadomarbella.com\/wp-content\/uploads\/2026\/01\/la-virginia-marbella-fuente.webp\" alt=\"Fuente en La Virginia\" class=\"wp-image-21273\"\/><\/figure>\n\n\n\n<p>Pasear por La Virginia es descubrir <strong>plazoletas escondidas, faroles antiguos, una coqueta capilla y rincones de postal<\/strong>. La prensa especializada la describe como un enclave donde <strong>se cena entre jazmines, se conversa al fresco y se vive a otra velocidad<\/strong>, alejada del ruido sin renunciar a la ubicaci\u00f3n privilegiada en Marbella.<\/p>\n\n\n\n<p>Incluso a nivel urban\u00edstico, <strong>su planeamiento ha recibido atenci\u00f3n institucional por su singularidad dentro del patrimonio contempor\u00e1neo de Marbella<\/strong>, reforzando la idea de que no hablamos solo de un lugar bonito, sino de un bien cultural con ordenaci\u00f3n singular.<\/p>\n\n\n\n<h2 class=\"wp-block-heading\"><strong>Comprar un pedazo de historia<\/strong><\/h2>\n\n\n\n<p>A veces, nuestros clientes nos comentan el tama\u00f1o de las viviendas en comparaci\u00f3n con su precio. Nuestra respuesta es siempre la misma: en La Virginia, cada casa es irrepetible.<\/p>\n\n\n\n<p>No existen dos propiedades iguales. Cada rinc\u00f3n tiene sus particularidades, sus imperfecciones encantadoras y su personalidad propia. Vivir aqu\u00ed es poseer un fragmento de la historia del urbanismo mediterr\u00e1neo, un privilegio que escasea cada vez m\u00e1s.<\/p>\n\n\n\n<h2 class=\"wp-block-heading\"><strong>Una invitaci\u00f3n a descubrirla (de la forma correcta)<\/strong><\/h2>\n\n\n\n<p>El encanto no se mide en superficie, sino en experiencia: <strong>despertar con el aroma de azahar, cruzarse con vecinos en la plaza, asistir a la capilla o disfrutar de su mercado de Navidad, una tradici\u00f3n que refuerza el sentido comunitario<\/strong>.<\/p>\n\n\n\n<p>En La Virginia, cada casa es irrepetible. No existen dos propiedades iguales. Cada rinc\u00f3n tiene sus particularidades, sus imperfecciones encantadoras y su personalidad propia. Vivir aqu\u00ed es poseer un fragmento de la historia del urbanismo mediterr\u00e1neo, un privilegio que escasea cada vez m\u00e1s.<\/p>\n\n\n\n<p>Desde el equipo Nevado, os invitamos a <strong>no juzgar La Virginia por sus accesos asfaltados exteriores. Para entender su magia, hay que caminarla<\/strong>. Hay que perderse en sus plazas, escuchar el agua de sus fuentes y sentir la tranquilidad de sus muros encalados.<\/p>\n\n\n\n<p>Si busca una casa est\u00e1ndar, este no es su sitio. Pero si busca un <strong>hogar con alma, un refugio de paz y una inversi\u00f3n en arte y cultura, ven a visitar La Virginia con nosotros<\/strong>. Le prometemos que, tras el paseo, entender\u00e1 el valor incalculable que se esconde detr\u00e1s de cada puerta.<\/p>\n\n\n\n<h2 class=\"wp-block-heading\"><strong>Por qu\u00e9 su precio se justifica m\u00e1s all\u00e1 de la superficie<\/strong><\/h2>\n\n\n\n<p><strong>La Virginia no compite por metros, sino por car\u00e1cter<\/strong>. Aspectos que aumentan el valor de esta preciosa urbanizaci\u00f3n:<\/p>\n\n\n\n<ul class=\"wp-block-list\">\n<li>&nbsp;&nbsp;&nbsp;&nbsp;&nbsp;&nbsp;&nbsp;&nbsp;&nbsp;&nbsp;&nbsp; Escasez real: <strong>pocas unidades y alta demanda de producto aut\u00e9ntico<\/strong>, cada vez m\u00e1s demandado tras el auge de las viviendas modernas de l\u00edneas rectas.<\/li>\n\n\n\n<li>&nbsp;&nbsp;&nbsp;&nbsp;&nbsp;&nbsp;&nbsp;&nbsp;&nbsp;&nbsp;&nbsp; <strong>Patrimonio y singularidad<\/strong>: un conjunto reconocible y valorado por su coherencia est\u00e9tica.<\/li>\n\n\n\n<li>&nbsp;&nbsp;&nbsp;&nbsp;&nbsp;&nbsp;&nbsp;&nbsp;&nbsp;&nbsp;&nbsp; <strong>Ubicaci\u00f3n estrat\u00e9gica<\/strong>: tranquilidad sin renunciar a Marbella centro, Milla de Oro, playa y servicios.<\/li>\n\n\n\n<li>&nbsp;&nbsp;&nbsp;&nbsp;&nbsp;&nbsp;&nbsp;&nbsp;&nbsp;&nbsp;&nbsp;<strong> Calidad de vida<\/strong>: escala peatonal, vida de plaza y comunidad.<\/li>\n\n\n\n<li>&nbsp;&nbsp;&nbsp;&nbsp;&nbsp;&nbsp;&nbsp;&nbsp;&nbsp;&nbsp;&nbsp; Retenci\u00f3n de <strong>valor a largo plazo<\/strong> y una experiencia residencial que trasciende el plano.<\/li>\n<\/ul>\n\n\n\n<h2 class=\"wp-block-heading\"><strong>Vida cotidiana: lo que no se ve en los planos<\/strong><\/h2>\n\n\n\n<p>Qu\u00e9 estilo de vida podemos esperar en La Virginia:<\/p>\n\n\n\n<ul class=\"wp-block-list\">\n<li>&nbsp;&nbsp;&nbsp;&nbsp;&nbsp;&nbsp;&nbsp;&nbsp;&nbsp;&nbsp;&nbsp;&nbsp; <strong>Ma\u00f1anas tranquilas<\/strong> con caf\u00e9 en la plazuela.<\/li>\n\n\n\n<li> &nbsp;&nbsp;&nbsp;&nbsp;&nbsp;&nbsp;&nbsp;&nbsp;&nbsp;&nbsp;&nbsp; <strong>Conversaciones al fresco<\/strong> bajo los naranjos.<\/li>\n\n\n\n<li>&nbsp;&nbsp;&nbsp;&nbsp;&nbsp;&nbsp;&nbsp;&nbsp;&nbsp;&nbsp;&nbsp;&nbsp; <strong>Talleres, encuentros vecinales<\/strong> y una agenda de peque\u00f1as tradiciones.<\/li>\n\n\n\n<li>&nbsp;&nbsp;&nbsp;&nbsp;&nbsp;&nbsp;&nbsp;&nbsp;&nbsp;&nbsp;&nbsp;&nbsp; <strong>Fotograf\u00eda y paseos al atardecer<\/strong>: luz y textura que cambian cada estaci\u00f3n.<\/li>\n<\/ul>\n\n\n\n<figure class=\"wp-block-image size-full wp-duotone-duotone-2\"><img decoding=\"async\" width=\"1920\" height=\"1280\" src=\"https:\/\/www.nevadomarbella.com\/wp-content\/uploads\/2026\/01\/la-virginia-marbella-fuente.webp\" alt=\"\" class=\"wp-image-21273\"\/><\/figure>\n\n\n\n<div class=\"wp-block-group has-global-padding is-layout-constrained wp-block-group-is-layout-constrained\">\n<div class=\"wp-block-group has-global-padding is-layout-constrained wp-block-group-is-layout-constrained\">\n<details class=\"wp-block-details is-layout-flow wp-block-details-is-layout-flow\"><summary>\u00bfQu\u00e9 hace \u00fanica a La Virginia? <\/summary>\n<hr class=\"wp-block-separator has-text-color has-base-color has-alpha-channel-opacity has-base-background-color has-background\"\/>\n\n\n\n<p>Su <strong>dise\u00f1o unitario de inspiraci\u00f3n pueblo blanco<\/strong>, con viviendas irrepetibles y una capilla que aporta identidad.<\/p>\n<\/details>\n\n\n\n<hr class=\"wp-block-separator has-text-color has-base-color has-alpha-channel-opacity has-base-background-color has-background\"\/>\n<\/div>\n\n\n\n<div class=\"wp-block-group has-global-padding is-layout-constrained wp-block-group-is-layout-constrained\">\n<details class=\"wp-block-details is-layout-flow wp-block-details-is-layout-flow\"><summary>\u00bfEst\u00e1 bien conectada La Virginia?<\/summary>\n<hr class=\"wp-block-separator has-text-color has-base-color has-alpha-channel-opacity has-base-background-color has-background\"\/>\n\n\n\n<p>S\u00ed. Combina tranquilidad y <strong>proximidad a servicios, playas y Marbella centro, Milla de Oro y Puerto Ban\u00fas<\/strong>.<\/p>\n<\/details>\n\n\n\n<hr class=\"wp-block-separator has-text-color has-base-color has-alpha-channel-opacity has-base-background-color has-background\"\/>\n<\/div>\n\n\n\n<div class=\"wp-block-group has-global-padding is-layout-constrained wp-block-group-is-layout-constrained\">\n<details class=\"wp-block-details is-layout-flow wp-block-details-is-layout-flow\"><summary>\u00bfPor qu\u00e9 algunas casas peque\u00f1as en La Virginia tienen precios altos?<\/summary>\n<hr class=\"wp-block-separator has-text-color has-base-color has-alpha-channel-opacity has-base-background-color has-background\"\/>\n\n\n\n<p>Porque el valor reside en la <strong>ubicaci\u00f3n, el conjunto arquitect\u00f3nico y la experiencia<\/strong> de vivir un enclave hist\u00f3rico.<\/p>\n<\/details>\n\n\n\n<hr class=\"wp-block-separator has-text-color has-base-color has-alpha-channel-opacity has-base-background-color has-background\"\/>\n<\/div>\n\n\n\n<div class=\"wp-block-group has-global-padding is-layout-constrained wp-block-group-is-layout-constrained\">\n<details class=\"wp-block-details is-layout-flow wp-block-details-is-layout-flow\"><summary>\u00bfEs adecuada La Virginia para residir todo el a\u00f1o?<\/summary>\n<hr class=\"wp-block-separator has-text-color has-base-color has-alpha-channel-opacity has-base-background-color has-background\"\/>\n\n\n\n<p>S\u00ed. Su <strong>escala peatonal, la comunidad y el f\u00e1cil acceso a los servicios<\/strong> la hacen ideal residir durante todo el a\u00f1o.<\/p>\n<\/details>\n\n\n\n<hr class=\"wp-block-separator has-text-color has-base-color has-alpha-channel-opacity has-base-background-color has-background\"\/>\n<\/div>\n\n\n\n<div class=\"wp-block-group has-global-padding is-layout-constrained wp-block-group-is-layout-constrained\">\n<details class=\"wp-block-details is-layout-flow wp-block-details-is-layout-flow\"><summary>\u00bfExiste producto similar a La Virginia en Marbella?<\/summary>\n<hr class=\"wp-block-separator has-text-color has-base-color has-alpha-channel-opacity has-base-background-color has-background\"\/>\n\n\n\n<p>Solo de forma muy puntual (<strong>Las Lomas Pueblo<\/strong> comparte filosof\u00eda), pero la identidad de La Virginia es singular.<\/p>\n<\/details>\n\n\n\n<hr class=\"wp-block-separator has-text-color has-base-color has-alpha-channel-opacity has-base-background-color has-background\"\/>\n<\/div>\n<\/div>\n\n\n\n<section class=\"wp-block-group jaleo-properties-grid is-layout-flow wp-block-group-is-layout-flow\" style=\"margin-top:0;margin-bottom:var(--wp--preset--spacing--60);padding-right:var(--wp--preset--spacing--50);padding-left:var(--wp--preset--spacing--50)\">\n<h2 class=\"wp-block-heading has-text-align-center\" style=\"padding-right:var(--wp--preset--spacing--20);padding-left:var(--wp--preset--spacing--20)\">\u00daltimas propiedades a la venta en La Virginia<\/h2>\n\n\n\n<p class=\"has-text-align-center\" style=\"padding-right:var(--wp--preset--spacing--20);padding-left:var(--wp--preset--spacing--20)\">Descubra nuestros \u00faltimos listados de propiedades , donde la sofisticaci\u00f3n y el confort se unen para ofrecerle una experiencia de vida excepcional.<\/p>\n\n\n\n<div class=\"wp-block-group is-layout-flow wp-block-group-is-layout-flow\" style=\"margin-top:var(--wp--preset--spacing--30);padding-top:0;padding-right:0;padding-bottom:0;padding-left:0\">\t<div id=\"wpb__style_container\" class=\"wpb--container\">\r\n\t\t<div class=\"wpb--card-container\">\r\n\t\t\t<div class=\"wpb--card\">\n\t<div class=\"wpb--aspect-box wpb--panoramic\">\n\t\t<a class=\"wpb--stretched-link\" href=\"\/es\/propiedad\/venta-la-virginia-adosado-666874\">\n\t\t\t\t\t\t\t<img decoding=\"async\" loading=\"lazy\" class=\"wpb--image-fit\" src=\"https:\/\/www.nevadomarbella.com\/wp-content\/uploads\/inmoba\/thumb-all-0.75-exact-666874.webp\" alt=\"Adosada en Urbanizaci\u00f3n La Virginia en venta\" \/>\n\t\t\t\n\t\t\t\t\t<\/a>\n\t<\/div>\n\t<div class=\"wpb--card-body\">\n\t\t<span class=\"wpb--card-body-location\">La Virginia - Marbella Golden Mile<\/span>\n\t\t<h3 class=\"wpb--card-title\">\n\t\t\t<a class=\"wpb--stretched-link\" href=\"\/es\/propiedad\/venta-la-virginia-adosado-666874\">\n\t\t\t\tAdosada en Urbanizaci\u00f3n La Virginia en venta\t\t\t<\/a>\n\t\t<\/h3>\n\t\t<div class=\"wpb--card-data\">\n\t\t\t<ul class=\"wpb--card-features\">\n\t\t\t\t\t\t\t\t\t\t<li>2  Dormitorios, <\/li>\n\t\t\t\t\t\t\t\t\t\t<li>3  Ba\u00f1os, <\/li>\n\t\t\t\t\t\t\t\t\t\t<li>208 m&sup2; Const.<\/li>\n\t\t\t\t\t\t\t<\/ul>\n\t\t\t<div class=\"wpb--card-price\">\n\t\t\t\t1.150.000 &euro;<span>163-04524P-DUP<\/span>\t\t\t<\/div>\n\t\t<\/div>\n\t<\/div>\n<\/div>\n<div class=\"wpb--card\">\n\t<div class=\"wpb--aspect-box wpb--panoramic\">\n\t\t<a class=\"wpb--stretched-link\" href=\"\/es\/propiedad\/venta-la-virginia-restaurante-626244\">\n\t\t\t\t\t\t\t<img decoding=\"async\" loading=\"lazy\" class=\"wpb--image-fit\" src=\"https:\/\/www.nevadomarbella.com\/wp-content\/uploads\/inmoba\/thumb-all-0.75-exact-626244.webp\" alt=\"Restaurante en Urbanizaci\u00f3n La Virginia en venta\" \/>\n\t\t\t\n\t\t\t\t\t<\/a>\n\t<\/div>\n\t<div class=\"wpb--card-body\">\n\t\t<span class=\"wpb--card-body-location\">La Virginia - Marbella Golden Mile<\/span>\n\t\t<h3 class=\"wpb--card-title\">\n\t\t\t<a class=\"wpb--stretched-link\" href=\"\/es\/propiedad\/venta-la-virginia-restaurante-626244\">\n\t\t\t\tRestaurante en Urbanizaci\u00f3n La Virginia en venta\t\t\t<\/a>\n\t\t<\/h3>\n\t\t<div class=\"wpb--card-data\">\n\t\t\t<ul class=\"wpb--card-features\">\n\t\t\t\t\t\t\t\t\t\t<li>2  Dormitorios, <\/li>\n\t\t\t\t\t\t\t\t\t\t<li>3  Ba\u00f1os, <\/li>\n\t\t\t\t\t\t\t\t\t\t<li>208 m&sup2; Const.<\/li>\n\t\t\t\t\t\t\t<\/ul>\n\t\t\t<div class=\"wpb--card-price\">\n\t\t\t\t1.150.000 &euro;<span>163-04300P<\/span>\t\t\t<\/div>\n\t\t<\/div>\n\t<\/div>\n<\/div>\n\t\t<\/div>\r\n\t\t<!-- Go to the full list -->\r\n\t\t\t\t<div class=\"wpb--center\">\r\n\t\t\t<a class=\"wpb--btn-outline\" href=\"\/es\/propiedad-en-venta-en-marbella?l=es&refinesearch-typeselector=full&o=&f=sale&c=&t=&ft=la+virginia&pf=&pt=&b=#\">Ver m\u00e1s<\/a>\r\n\t\t<\/div>\r\n\t\t\t<\/div>\r\n\n<\/div>\n<\/section>\n","protected":false},"excerpt":{"rendered":"<p>\u00bfPor qu\u00e9 comprar una casa en la Virginia es tan especial? menudo, cuando pensamos en comprar una propiedad en Marbella, nos dejamos llevar por los metros cuadrados, las vistas panor\u00e1micas o las l\u00edneas modernas. Sin embargo, existe un lugar donde el valor no se mide en superficie, sino en historia, arte y sensaciones. Hablamos de [&hellip;]<\/p>\n","protected":false},"author":3,"featured_media":21262,"comment_status":"closed","ping_status":"closed","sticky":false,"template":"","format":"standard","meta":{"_acf_changed":false,"footnotes":""},"categories":[304],"tags":[1933],"class_list":["post-21261","post","type-post","status-publish","format-standard","has-post-thumbnail","hentry","category-areas-marbella-guia-inmobiliaria","tag-golden-mile"],"acf":[],"_links":{"self":[{"href":"https:\/\/www.nevadomarbella.com\/es\/wp-json\/wp\/v2\/posts\/21261","targetHints":{"allow":["GET"]}}],"collection":[{"href":"https:\/\/www.nevadomarbella.com\/es\/wp-json\/wp\/v2\/posts"}],"about":[{"href":"https:\/\/www.nevadomarbella.com\/es\/wp-json\/wp\/v2\/types\/post"}],"author":[{"embeddable":true,"href":"https:\/\/www.nevadomarbella.com\/es\/wp-json\/wp\/v2\/users\/3"}],"replies":[{"embeddable":true,"href":"https:\/\/www.nevadomarbella.com\/es\/wp-json\/wp\/v2\/comments?post=21261"}],"version-history":[{"count":1,"href":"https:\/\/www.nevadomarbella.com\/es\/wp-json\/wp\/v2\/posts\/21261\/revisions"}],"predecessor-version":[{"id":21296,"href":"https:\/\/www.nevadomarbella.com\/es\/wp-json\/wp\/v2\/posts\/21261\/revisions\/21296"}],"wp:featuredmedia":[{"embeddable":true,"href":"https:\/\/www.nevadomarbella.com\/es\/wp-json\/wp\/v2\/media\/21262"}],"wp:attachment":[{"href":"https:\/\/www.nevadomarbella.com\/es\/wp-json\/wp\/v2\/media?parent=21261"}],"wp:term":[{"taxonomy":"category","embeddable":true,"href":"https:\/\/www.nevadomarbella.com\/es\/wp-json\/wp\/v2\/categories?post=21261"},{"taxonomy":"post_tag","embeddable":true,"href":"https:\/\/www.nevadomarbella.com\/es\/wp-json\/wp\/v2\/tags?post=21261"}],"curies":[{"name":"wp","href":"https:\/\/api.w.org\/{rel}","templated":true}]}}